{"id":7310,"date":"2020-02-21T12:16:03","date_gmt":"2020-02-21T11:16:03","guid":{"rendered":"https:\/\/iglesia-en-villar.es\/blog\/?p=7310"},"modified":"2020-02-21T12:16:05","modified_gmt":"2020-02-21T11:16:05","slug":"rincon-carmelitano-9","status":"publish","type":"post","link":"https:\/\/iglesia-en-villar.es\/blog\/2020\/02\/21\/rincon-carmelitano-9\/","title":{"rendered":"Rinc\u00f3n Carmelitano"},"content":{"rendered":"\n<p>Seguimos con el comentario al Padre nuestro de Teresa de Jes\u00fas: <strong>H\u00c1GASE TU VOLUNTAD EN LA TIERRA COMO EN EL CIELO.<\/strong><br> \u00a0\u00a0\u00a0\u00a0\u00a0\u00a0\u00a0\u00a0\u00a0\u00a0 Vimos c\u00f3mo nos presentaba a Jes\u00fas como modelo, y qu\u00e9 dif\u00edcil le result\u00f3 abrazarse con esta voluntad en Getseman\u00ed. Ahora nos habla de lo que ganamos cuando de verdad aceptamos y cumplimos la voluntad de Dios, sea cual sea.<br> <br> \u00a0\u00a0\u00a0\u00a0\u00a0\u00a0\u00a0\u00a0\u00a0\u00a0 \u00ab\u00a1Oh, hermanas m\u00edas, qu\u00e9 fuerza tiene este don! No puede menos, si va con la determinaci\u00f3n que ha de ir, de traer al Todopoderoso a ser uno con nuestra bajeza y transformarnos en s\u00ed y hacer una uni\u00f3n del Criador con la criatura. Mirad si quedar\u00e9is bien pagadas. Y mientras m\u00e1s se va entendiendo por las obras que no son palabras de cumplimiento, m\u00e1s nos llega el Se\u00f1or a s\u00ed para habilitarla a recibir grandes mercedes, que no acaba de pagar en esta vida este servicio. En tanto le tiene, que ya nosotros no sabemos que le pedir, y su Majestad nunca se cansa de dar; porque no contento con tener hecha esta alma una cosa consigo, comienza a regalarse con ella, a descubrirle secretos, a holgarse de que entienda lo que ha ganado y de que conozca algo de lo que la tiene por dar. Y comienza a tratar de tanta amistad, que no solo la torna a dejar su voluntad, m\u00e1s dale la suya con ella; porque se huelga el Se\u00f1or que manden a veces, y cumplir El lo que ella le pide.\u00bb<br> <br> \u00a0 \u00a0 \u00a0 \u00a0 \u00a0 Los que no hemos penetrado demasiado hondo en lo que significa esta amistad divina, quiz\u00e1 no podamos caer bien en la cuenta de lo que ello significa; pero para eso est\u00e1n los santos, que s\u00ed lo saben, y nos dicen: venid por aqu\u00ed que no os arrepentir\u00e9is.<br> \u00a0 \u00a0 \u00a0 \u00a0 \u00a0\u00a0 Ahora que vamos a comenzar la cuaresma, es un tiempo oportuno para avivar nuestro deseo de hacer siempre la voluntad de Dios, y dejar que El la haga en nosotros: hacer lo que Dios quiere y querer lo que Dios hace; esto es la santidad.<br> \u00a0 \u00a0 \u00a0 \u00a0 \u00a0 \u00a0 \u00a0 \u00a0 \u00a0 \u00a0 \u00a0 \u00a0 \u00a0 \u00a0 \u00a0 \u00a0 \u00a0 \u00a0 \u00a0 \u00a0 \u00a0 \u00a0 \u00a0 \u00a0 \u00a0 \u00a0 \u00a0 \u00a0 \u00a0 \u00a0 \u00a0 \u00a0 \u00a0 \u00a0 \u00a0 \u00a0 \u00a0 \u00a0 \u00a0 \u00a0 \u00a0 \u00a0 \u00a0 \u00a0 \u00a0 \u00a0 \u00a0 \u00a0 \u00a0 \u00a0 \u00a0 \u00a0 \u00a0 \u00a0 \u00a0 \u00a0 \u00a0 \u00a0 \u00a0 \u00a0 \u00a0 \u00a0 \u00a0 \u00a0 \u00a0 \u00a0 \u00a0 \u00a0 \u00a0 \u00a0 \u00a0 \u00a0 \u00a0 \u00a0 \u00a0 \u00a0\u00a0 Hermanas Carmelitas \u00a0\u00a0<\/p>\n","protected":false},"excerpt":{"rendered":"<p>Seguimos con el comentario al Padre nuestro de Teresa de Jes\u00fas: H\u00c1GASE TU VOLUNTAD EN LA TIERRA COMO EN EL CIELO. \u00a0\u00a0\u00a0\u00a0\u00a0\u00a0\u00a0\u00a0\u00a0\u00a0 Vimos c\u00f3mo nos presentaba a Jes\u00fas como modelo, y qu\u00e9 dif\u00edcil le result\u00f3 abrazarse con esta voluntad en Getseman\u00ed. Ahora nos habla de lo que ganamos cuando de verdad aceptamos y cumplimos la voluntad de Dios, sea cual&#8230;<\/p>\n<p> <a class=\"continue-reading-link\" href=\"https:\/\/iglesia-en-villar.es\/blog\/2020\/02\/21\/rincon-carmelitano-9\/\"><span>Leer m\u00e1s<\/span><i class=\"crycon-right-dir\"><\/i><\/a> <\/p>\n","protected":false},"author":53745,"featured_media":0,"comment_status":"open","ping_status":"open","sticky":false,"template":"","format":"standard","meta":{"inline_featured_image":false,"footnotes":""},"categories":[5],"tags":[],"class_list":["post-7310","post","type-post","status-publish","format-standard","hentry","category-monasterio"],"better_featured_image":null,"read":true,"_links":{"self":[{"href":"https:\/\/iglesia-en-villar.es\/blog\/wp-json\/wp\/v2\/posts\/7310","targetHints":{"allow":["GET"]}}],"collection":[{"href":"https:\/\/iglesia-en-villar.es\/blog\/wp-json\/wp\/v2\/posts"}],"about":[{"href":"https:\/\/iglesia-en-villar.es\/blog\/wp-json\/wp\/v2\/types\/post"}],"author":[{"embeddable":true,"href":"https:\/\/iglesia-en-villar.es\/blog\/wp-json\/wp\/v2\/users\/53745"}],"replies":[{"embeddable":true,"href":"https:\/\/iglesia-en-villar.es\/blog\/wp-json\/wp\/v2\/comments?post=7310"}],"version-history":[{"count":1,"href":"https:\/\/iglesia-en-villar.es\/blog\/wp-json\/wp\/v2\/posts\/7310\/revisions"}],"predecessor-version":[{"id":7311,"href":"https:\/\/iglesia-en-villar.es\/blog\/wp-json\/wp\/v2\/posts\/7310\/revisions\/7311"}],"wp:attachment":[{"href":"https:\/\/iglesia-en-villar.es\/blog\/wp-json\/wp\/v2\/media?parent=7310"}],"wp:term":[{"taxonomy":"category","embeddable":true,"href":"https:\/\/iglesia-en-villar.es\/blog\/wp-json\/wp\/v2\/categories?post=7310"},{"taxonomy":"post_tag","embeddable":true,"href":"https:\/\/iglesia-en-villar.es\/blog\/wp-json\/wp\/v2\/tags?post=7310"}],"curies":[{"name":"wp","href":"https:\/\/api.w.org\/{rel}","templated":true}]}}