{"id":7356,"date":"2020-02-29T00:03:10","date_gmt":"2020-02-28T23:03:10","guid":{"rendered":"https:\/\/iglesia-en-villar.es\/blog\/?p=7356"},"modified":"2020-02-29T00:03:12","modified_gmt":"2020-02-28T23:03:12","slug":"avisos-7","status":"publish","type":"post","link":"https:\/\/iglesia-en-villar.es\/blog\/2020\/02\/29\/avisos-7\/","title":{"rendered":"Avisos"},"content":{"rendered":"\n<p style=\"text-align: center;\"><strong data-rich-text-format-boundary=\"true\">RECOGIDA ACEITE DE GIRASOL<\/strong><\/p>\n<p class=\"western\" lang=\"es-ES-u-co-trad\"><span style=\"font-family: Times New Roman, serif;\"><span style=\"font-size: small;\">Al igual que la pasada Cuaresma, tambi\u00e9n vamos a recoger aceite de girasol para los hermanos de San Juan de Dios. Ellos lo enviar\u00e1n al \u00c1frica, por lo que, nuestra Cuaresma, puede ser una Cuaresma con obras. A trav\u00e9s de nuestras peque\u00f1as renuncias, podemos hacer un bien enorme a aquellos que menos tienen. Por lo que os invitamos a colaborar con esta iniciativa de los HERMANOS DE SAN JUAN DE DIOS. RECORDAR, ACEITE DE GIRASOL, <u>preferiblemente garrafas<\/u>. GRACIAS POR VUESTRA COLABORACI\u00d3N. <\/span><\/span><\/p>\n<p lang=\"es-ES-u-co-trad\" style=\"text-align: center;\"><strong>LIMPIEZA MES DE MARZO 2020<\/strong><\/p>\n<p><span style=\"font-family: Times New Roman, serif;\"><span style=\"font-size: small;\"><b>TEMPLO<\/b><\/span><\/span><\/p>\n<p><span style=\"font-family: Times New Roman, serif;\"><span style=\"font-size: small;\">\u00a0M. Paz Estevan Estevan, <\/span><\/span><span style=\"font-family: Times New Roman, serif;\"><span style=\"font-size: small;\">Carmen Capilla Porta, <\/span><\/span><span style=\"font-family: Times New Roman, serif;\"><span style=\"font-size: small;\">M. Asunci\u00f3n Lamoncha P\u00e9rez, <\/span><\/span><span style=\"font-family: Times New Roman, serif;\"><span style=\"font-size: small;\">M. Luz Aliaga Diago, <\/span><\/span><span style=\"font-family: Times New Roman, serif;\"><span style=\"font-size: small;\">Amparo Orero G\u00e1lvez, <\/span><\/span><span style=\"font-family: Times New Roman, serif;\"><span style=\"font-size: small;\">M. Paz Castellano Porter, <\/span><\/span><span style=\"font-family: Times New Roman, serif;\"><span style=\"font-size: small;\">Asunci\u00f3n Belenguer Valero, <\/span><\/span><span style=\"font-family: Times New Roman, serif;\"><span style=\"font-size: small;\">Carmen Porta Cervera, <\/span><\/span><span style=\"font-family: Times New Roman, serif;\"><span style=\"font-size: small;\">Roci\u00f3 Gil Gil, <\/span><\/span><span style=\"font-family: Times New Roman, serif;\"><span style=\"font-size: small;\">Lourdes Lopez Izquierdo, <\/span><\/span><span style=\"font-family: Times New Roman, serif;\"><span style=\"font-size: small;\">Milagros Galvez Luz, <\/span><\/span><span style=\"font-family: Times New Roman, serif;\"><span style=\"font-size: small;\">Crucita Gurrea, <\/span><\/span><span style=\"font-family: Times New Roman, serif;\"><span style=\"font-size: small;\">Manolita Lopez.<\/span><\/span><\/p>\n<p><strong><span style=\"font-family: Times New Roman, serif;\"><span style=\"font-size: small;\">COLABORADORAS EN PRODUCTOS DE LIMPIEZA<\/span><\/span><\/strong><\/p>\n<p><span style=\"font-family: Times New Roman, serif;\"><span style=\"font-size: small;\">Asunci\u00f3n Mart\u00ednez Castellano, <\/span><\/span><span style=\"font-family: Times New Roman, serif;\"><span style=\"font-size: small;\">Elena Garc\u00eda Molina, <\/span><\/span><span style=\"font-family: Times New Roman, serif;\"><span style=\"font-size: small;\">Amelia Montes Domingo, <\/span><\/span><span style=\"font-family: Times New Roman, serif;\"><span style=\"font-size: small;\">Josefina Alvarado Domingo, <\/span><\/span><span style=\"font-family: Times New Roman, serif;\"><span style=\"font-size: small;\">Colaboradora an\u00f3nima<\/span><\/span><\/p>\n<p lang=\"en-US\"><span style=\"font-family: Times New Roman, serif;\"><span style=\"font-size: small;\"><b>LOCALES<\/b><\/span><\/span><\/p>\n<p lang=\"es\"><span style=\"font-family: Times New Roman, serif;\"><span style=\"font-size: small;\">DEL 1 AL 15 LOLA ARCON Y <\/span><\/span><span style=\"font-family: Liberation Serif, serif;\"><span style=\"font-family: Times New Roman, serif;\"><span style=\"font-size: small;\"><span lang=\"es\">DEL 16 AL 31 SACRAMENTO PORTER \u2013 PAZ PALOMAR \u2013 ROSA RODILLA<\/span><\/span><\/span><\/span><\/p>\n<h1 lang=\"en-US\"><span style=\"font-family: Liberation Serif, serif;\"><span style=\"font-family: Times New Roman, serif;\"><span style=\"font-size: small;\"><span lang=\"es\">ENCARGADAS DEL ACEITE DEL SANTISIMO<\/span><\/span><\/span><\/span><\/h1>\n<p><span style=\"font-family: Times New Roman, serif;\"><span style=\"font-size: small;\">SUFRAGIO DE VICTORIANO Y AMPARO, <\/span><\/span><span style=\"font-family: Times New Roman, serif;\"><span style=\"font-size: small;\">TERESA VALLES CARRASCAL, <\/span><\/span><span style=\"font-family: Liberation Serif, serif;\"><span style=\"font-family: Times New Roman, serif;\"><span style=\"font-size: small;\"><span lang=\"es\">SUFRAGIO DE <\/span><\/span><\/span><span style=\"font-family: Times New Roman, serif;\"><span style=\"font-size: small;\"><span lang=\"es\">PAZ ESTEVAN MONTON.<\/span><\/span><\/span><\/span><\/p>\n<p style=\"text-align: center;\"><span style=\"color: #000000;\"><span style=\"font-family: Times New Roman, serif;\"><span style=\"font-size: medium;\"><b>VAMOS EN GRUPO A LA MISA DOMINICAL<\/b><\/span><\/span><\/span><\/p>\n<p style=\"text-align: center;\"><span style=\"font-family: Times New Roman, serif;\"><span style=\"font-size: medium;\"><b>Mes de marzo 2020<\/b><\/span><\/span><\/p>\n<p><span style=\"font-family: Times New Roman, serif;\"><span style=\"font-size: small;\">DOMINGO 1\u00ba DE CUARESMA S\u00c1BADO DIA 20-2 GRUPO EIN-KAREN<\/span><\/span><\/p>\n<p><span style=\"font-family: Times New Roman, serif;\"><span style=\"font-size: small;\">DOMINGO 2\u00ba DE CUARESMA S\u00c1BADO DIA 7 MONTE SION<\/span><\/span><\/p>\n<p><span style=\"font-family: Times New Roman, serif;\"><span style=\"font-size: small;\">DOMINGO 3\u00ba DE CUARESMA S\u00c1BADO DIA 14 MONTE ARARAT Y TABOR<\/span><\/span><\/p>\n<p><span style=\"font-family: Times New Roman, serif;\"><span style=\"font-size: small;\">DOMINGO 4\u00ba DE CUARESMA S\u00c1BADO DIA 21 MONTE CARMELO Y GOLGOTA<\/span><\/span><\/p>\n<p><span style=\"font-family: Times New Roman, serif;\"><span style=\"font-size: small;\">DOMINGO 5\u00ba DE CUARESMA S\u00c1BADO DIA 28 MONTE SINAI<\/span><\/span><\/p>\n<p><span style=\"font-family: Times New Roman, serif;\"><span style=\"font-size: small;\">Grupos de formaci\u00f3n<\/span><\/span><\/p>\n<p>\u00a0<\/p>\n<p lang=\"es-ES-u-co-trad\">\u00a0<\/p>\n<p lang=\"es-ES-u-co-trad\">\u00a0<\/p>\n<p lang=\"es-ES-u-co-trad\">\u00a0<\/p>\n","protected":false},"excerpt":{"rendered":"<p>RECOGIDA ACEITE DE GIRASOL Al igual que la pasada Cuaresma, tambi\u00e9n vamos a recoger aceite de girasol para los hermanos de San Juan de Dios. Ellos lo enviar\u00e1n al \u00c1frica, por lo que, nuestra Cuaresma, puede ser una Cuaresma con obras. A trav\u00e9s de nuestras peque\u00f1as renuncias, podemos hacer un bien enorme a aquellos que menos tienen. Por lo que&#8230;<\/p>\n<p> <a class=\"continue-reading-link\" href=\"https:\/\/iglesia-en-villar.es\/blog\/2020\/02\/29\/avisos-7\/\"><span>Leer m\u00e1s<\/span><i class=\"crycon-right-dir\"><\/i><\/a> <\/p>\n","protected":false},"author":53745,"featured_media":0,"comment_status":"open","ping_status":"open","sticky":false,"template":"","format":"standard","meta":{"inline_featured_image":false,"footnotes":""},"categories":[10],"tags":[],"class_list":["post-7356","post","type-post","status-publish","format-standard","hentry","category-avisos"],"better_featured_image":null,"read":true,"_links":{"self":[{"href":"https:\/\/iglesia-en-villar.es\/blog\/wp-json\/wp\/v2\/posts\/7356","targetHints":{"allow":["GET"]}}],"collection":[{"href":"https:\/\/iglesia-en-villar.es\/blog\/wp-json\/wp\/v2\/posts"}],"about":[{"href":"https:\/\/iglesia-en-villar.es\/blog\/wp-json\/wp\/v2\/types\/post"}],"author":[{"embeddable":true,"href":"https:\/\/iglesia-en-villar.es\/blog\/wp-json\/wp\/v2\/users\/53745"}],"replies":[{"embeddable":true,"href":"https:\/\/iglesia-en-villar.es\/blog\/wp-json\/wp\/v2\/comments?post=7356"}],"version-history":[{"count":2,"href":"https:\/\/iglesia-en-villar.es\/blog\/wp-json\/wp\/v2\/posts\/7356\/revisions"}],"predecessor-version":[{"id":7358,"href":"https:\/\/iglesia-en-villar.es\/blog\/wp-json\/wp\/v2\/posts\/7356\/revisions\/7358"}],"wp:attachment":[{"href":"https:\/\/iglesia-en-villar.es\/blog\/wp-json\/wp\/v2\/media?parent=7356"}],"wp:term":[{"taxonomy":"category","embeddable":true,"href":"https:\/\/iglesia-en-villar.es\/blog\/wp-json\/wp\/v2\/categories?post=7356"},{"taxonomy":"post_tag","embeddable":true,"href":"https:\/\/iglesia-en-villar.es\/blog\/wp-json\/wp\/v2\/tags?post=7356"}],"curies":[{"name":"wp","href":"https:\/\/api.w.org\/{rel}","templated":true}]}}