{"id":7478,"date":"2020-03-20T11:30:55","date_gmt":"2020-03-20T10:30:55","guid":{"rendered":"https:\/\/iglesia-en-villar.es\/blog\/?p=7478"},"modified":"2020-03-20T11:33:53","modified_gmt":"2020-03-20T10:33:53","slug":"rincon-carmelitano-13","status":"publish","type":"post","link":"https:\/\/iglesia-en-villar.es\/blog\/2020\/03\/20\/rincon-carmelitano-13\/","title":{"rendered":"RINC\u00d3N CARMELITANO"},"content":{"rendered":"\n<p>Esta semana las hermanas nos ceden su apartado para poder hablar de la COMUNI\u00d3N ESPIRITUAL. Gracias.<\/p>\n\n\n\n<p class=\"has-text-align-center\"><strong>COMUNI\u00d3N ESPIRITUAL<\/strong><\/p>\n\n\n\n<p>\nEste\nduro momento hist\u00f3rico que estamos viviendo, sin poder participar en\nla Eucarist\u00eda, ni comulgar, me est\u00e1 haciendo descubrir el valor de\nla Comuni\u00f3n Espiritual. He recordado que esta oraci\u00f3n me la\nense\u00f1aron cuando tom\u00e9 la primera comuni\u00f3n, y \u00a1que pocas veces la\nhe rezado! Estoy revivi\u00e9ndola y me doy cuenta de que la s\u00e9 de\nmemoria, pero estoy descubriendo ahora el importante sentido que\ntiene: <strong>avivar en el coraz\u00f3n el deseo ardiente de recibir a\nJesucristo sacramentalmente<\/strong>. \n<\/p>\n\n\n\n<p>En\nel sacramento de la Eucarist\u00eda podemos distinguir: <strong>el\nefecto<\/strong> del sacramento que es la\npresencia real de Jesucristo bajo la especie del pan y del vino; y <strong>el\nfruto<\/strong> <strong>o\nla gracia<\/strong>, que es la comuni\u00f3n con\nJesucristo, que se produce en la persona cuando comulga. \n<\/p>\n\n\n\n<p>\nDe\nmanera ordinaria,\nla gracia se nos regala en los sacramentos; pero <strong>Dios,\nque no est\u00e1 atado a los sacramentos ni a nada,<\/strong>\nde\nmanera extraordinaria\npuede conceder la gracia y el fruto de un sacramento a alguien sin\nque participe sensiblemente de \u00e9l.\nCuando rezamos la comuni\u00f3n espiritual con fe y con el <strong>deseo\nardiente<\/strong>\nde recibir esa gracia de la comuni\u00f3n con Cristo, se nos regala la\ngracia del sacramento como si hubi\u00e9ramos comulgado f\u00edsicamente. La\nuni\u00f3n que se realiza es tan fruct\u00edfera como la sacramental. \n<\/p>\n\n\n\n<p>Tal\nvez el ayuno eucar\u00edstico al que nos vemos obligados, nos puede ir\nbien para avivar el deseo personal de recibir sacramentalmente a\nJesucristo. Aprovechemos esta coyuntura forzada por el coronavirus,\npara redescubrir la importancia de la comuni\u00f3n espiritual y hacerla\ncuantas veces nos sintamos d\u00e9biles o sobrepasados en nuestra vida de\ncada d\u00eda, porque <strong>con<\/strong> <strong>l<\/strong><strong>a\nComuni\u00f3n Espiritual nos ponemos en presencia de Jes\u00fas Sacramentado\n<\/strong><strong>y lo abrazamos<\/strong><strong>\ncomo si ya lo hubi\u00e9ramos recibido. <\/strong>\n<\/p>\n\n\n\n<p>Asun\nRam\u00edrez<\/p>\n","protected":false},"excerpt":{"rendered":"<p>Esta semana las hermanas nos ceden su apartado para poder hablar de la COMUNI\u00d3N ESPIRITUAL. Gracias. COMUNI\u00d3N ESPIRITUAL Este duro momento hist\u00f3rico que estamos viviendo, sin poder participar en la Eucarist\u00eda, ni comulgar, me est\u00e1 haciendo descubrir el valor de la Comuni\u00f3n Espiritual. He recordado que esta oraci\u00f3n me la ense\u00f1aron cuando tom\u00e9 la primera comuni\u00f3n, y \u00a1que pocas veces&#8230;<\/p>\n<p> <a class=\"continue-reading-link\" href=\"https:\/\/iglesia-en-villar.es\/blog\/2020\/03\/20\/rincon-carmelitano-13\/\"><span>Leer m\u00e1s<\/span><i class=\"crycon-right-dir\"><\/i><\/a> <\/p>\n","protected":false},"author":53745,"featured_media":0,"comment_status":"open","ping_status":"open","sticky":false,"template":"","format":"standard","meta":{"inline_featured_image":false,"footnotes":""},"categories":[5],"tags":[],"class_list":["post-7478","post","type-post","status-publish","format-standard","hentry","category-monasterio"],"better_featured_image":null,"read":true,"_links":{"self":[{"href":"https:\/\/iglesia-en-villar.es\/blog\/wp-json\/wp\/v2\/posts\/7478","targetHints":{"allow":["GET"]}}],"collection":[{"href":"https:\/\/iglesia-en-villar.es\/blog\/wp-json\/wp\/v2\/posts"}],"about":[{"href":"https:\/\/iglesia-en-villar.es\/blog\/wp-json\/wp\/v2\/types\/post"}],"author":[{"embeddable":true,"href":"https:\/\/iglesia-en-villar.es\/blog\/wp-json\/wp\/v2\/users\/53745"}],"replies":[{"embeddable":true,"href":"https:\/\/iglesia-en-villar.es\/blog\/wp-json\/wp\/v2\/comments?post=7478"}],"version-history":[{"count":1,"href":"https:\/\/iglesia-en-villar.es\/blog\/wp-json\/wp\/v2\/posts\/7478\/revisions"}],"predecessor-version":[{"id":7479,"href":"https:\/\/iglesia-en-villar.es\/blog\/wp-json\/wp\/v2\/posts\/7478\/revisions\/7479"}],"wp:attachment":[{"href":"https:\/\/iglesia-en-villar.es\/blog\/wp-json\/wp\/v2\/media?parent=7478"}],"wp:term":[{"taxonomy":"category","embeddable":true,"href":"https:\/\/iglesia-en-villar.es\/blog\/wp-json\/wp\/v2\/categories?post=7478"},{"taxonomy":"post_tag","embeddable":true,"href":"https:\/\/iglesia-en-villar.es\/blog\/wp-json\/wp\/v2\/tags?post=7478"}],"curies":[{"name":"wp","href":"https:\/\/api.w.org\/{rel}","templated":true}]}}