{"id":7480,"date":"2020-03-20T11:42:13","date_gmt":"2020-03-20T10:42:13","guid":{"rendered":"https:\/\/iglesia-en-villar.es\/blog\/?p=7480"},"modified":"2020-03-20T11:43:59","modified_gmt":"2020-03-20T10:43:59","slug":"editorial-7","status":"publish","type":"post","link":"https:\/\/iglesia-en-villar.es\/blog\/2020\/03\/20\/editorial-7\/","title":{"rendered":"Editorial"},"content":{"rendered":"\n<h2 class=\"has-text-align-center wp-block-heading\">COMUNI\u00d3N<\/h2>\n\n\n\n<p>\nSe me hace especialmente extra\u00f1o comenzar a escribir este editorial.\nY digo que se me hace raro, porque la situaci\u00f3n y los d\u00edas que\nestamos viviendo no son para menos. Aproximadamente desde el pasado\njueves 12 de Marzo, es cuando empezamos a ver que la situaci\u00f3n era\nespecialmente seria y grave. Desde ese d\u00eda mucha incertidumbre,\nmiedo, temores, decisiones, situaciones que no hab\u00edamos vivido\nantes, o al menos, en mi caso. \u00bfQu\u00e9 hacer, abrimos, cerramos,\ncancelamos misas?&#8230;y entre medias un aluvi\u00f3n de informaci\u00f3n,\ncambiante los primeros d\u00edas y mucho m\u00e1s seria conforme iba pasando\nla semana. \n<\/p>\n\n\n\n<p>\nEs cierto, la situaci\u00f3n es grave, no lo vamos a negar. Pero ante una\nsituaci\u00f3n de estas caracter\u00edsticas, estoy seguro que vamos a salir\nfortalecidos. Es una pena enorme que tenga que ocurrir un\nacontecimiento tan grave, en el que tantas y tantas personas se van a\nquedar en el camino, para darnos cuenta de tantas y tantas cosas\u2026la\nvida nos est\u00e1 cambiando y, a mi juicio, ya nada volver\u00e1 a ser como\nantes. No lo digo con tono catastrofista, (soy optimista por\nnaturaleza),sino, que estoy seguro de que de esta situaci\u00f3n vamos a\nsalir totalmente renovamos y nuestros h\u00e1bitos y costumbres van a\ncambiar. \n<\/p>\n\n\n\n<p>\nY ante la nueva situaci\u00f3n de confinamiento en nuestras casas, \u00bfQu\u00e9\nhacer? Pues lo que venimos haciendo todos estos d\u00edas\u2026oraci\u00f3n,\nunidad, fraternidad, comuni\u00f3n. Puede sonar contradictorio, pero\nquiz\u00e1 sea algo que muchos sentimos, nos sentimos m\u00e1s unidos ahora\nque antes\u2026antes nos pod\u00edamos abrazar, besar, saludar, quedar para\nvernos y charlar\u2026el \u201c\u00e1ngelus\u201d (y no me refiero al de rezar)\u2026en\ncambio, ahora que estamos m\u00e1s alejados f\u00edsicamente, nos sentimos\nm\u00e1s cerca unos de otros a trav\u00e9s de la oraci\u00f3n y la eucarist\u00eda\u2026La\niglesia no se ha cerrado, la iglesia est\u00e1 abierta\u2026las campanas\nsuenan, se sigue rezando en ella y lo m\u00e1s importante se contin\u00faa\ncelebrando la eucarist\u00eda todos los d\u00edas. \n<\/p>\n\n\n\n<p>\nOs puedo asegurar que se hace verdaderamente raro celebrar la\neucarist\u00eda en el altar mayor sin vosotros all\u00ed, sin vuestra\npresencia f\u00edsica, aunque s\u00ed siento vuestra cercan\u00eda. Me dirijo a\nvosotros, no a bancos vac\u00edos (por poco tiempo), s\u00e9 que est\u00e1is al\notro lado, en vuestras casas\u2026muchos de rodillas ante el Se\u00f1or en\nla Eucarist\u00eda, muchos con una fe inquebrantable redescubriendo la\nComuni\u00f3n Espiritual\u2026Tengo tantos testimonios de vosotros\u2026de que,\na pesar de estar cada uno en nuestras casas, nos seguimos sintiendo\nunidos, nos sentimos comunidad, vivimos la comuni\u00f3n en su esencia.\nTenemos fama en nuestra di\u00f3cesis de ser una comunidad activa, que\ncuida todos los detalles, que vive y participa su fe. No somos de\nacomodarnos ni siquiera en esta situaci\u00f3n que vivimos\u2026y eso sigue\nsiendo as\u00ed a pesar de nuestro confinamiento. Seguimos activos, no\nhay virus que pueda con la comuni\u00f3n de nuestra comunidad parroquial,\nseguimos activos, seguimos adorando, seguimos sintiendo el calor de\nla comunidad que ora y permanece unida\u2026Os lo dec\u00eda, que este\ntiempo me hace pensar en los disc\u00edpulos de Jes\u00fas despu\u00e9s de su\nmuerte en la Cruz, c\u00f3mo ellos estaban encerrados en una casa por\nmiedo y all\u00ed estaba Mar\u00eda, y junto a ella rezaban\u2026Esta debe ser\ntambi\u00e9n nuestra actitud, la de permanecer unidos en la oraci\u00f3n. La\nde sentirnos ahora m\u00e1s que nunca una comunidad que vive el amor, la\nfraternidad, la solidaridad, la comuni\u00f3n. \n<\/p>\n\n\n\n<p>\nOs agradezco vuestros mensajes y llamadas preocup\u00e1ndoos por m\u00ed,\nestoy bien, no os preocup\u00e9is. Rezando unido a vosotros me siento muy\nacompa\u00f1ado. Os mando a todos un caluroso y afectuoso abrazo. \n<\/p>\n\n\n\n<p class=\"has-text-align-right\"><strong>Ra\u00fal Garc\u00eda Ad\u00e1n<\/strong><\/p>\n","protected":false},"excerpt":{"rendered":"<p>COMUNI\u00d3N Se me hace especialmente extra\u00f1o comenzar a escribir este editorial. Y digo que se me hace raro, porque la situaci\u00f3n y los d\u00edas que estamos viviendo no son para menos. Aproximadamente desde el pasado jueves 12 de Marzo, es cuando empezamos a ver que la situaci\u00f3n era especialmente seria y grave. Desde ese d\u00eda mucha incertidumbre, miedo, temores, decisiones,&#8230;<\/p>\n<p> <a class=\"continue-reading-link\" href=\"https:\/\/iglesia-en-villar.es\/blog\/2020\/03\/20\/editorial-7\/\"><span>Leer m\u00e1s<\/span><i class=\"crycon-right-dir\"><\/i><\/a> <\/p>\n","protected":false},"author":53745,"featured_media":7473,"comment_status":"open","ping_status":"open","sticky":false,"template":"","format":"standard","meta":{"inline_featured_image":false,"footnotes":""},"categories":[13],"tags":[],"class_list":["post-7480","post","type-post","status-publish","format-standard","has-post-thumbnail","hentry","category-editorial"],"better_featured_image":{"id":7473,"alt_text":"","caption":"","description":"","media_type":"image","media_details":{"width":1753,"height":2328,"file":"2020\/03\/IMG_1366.jpg","sizes":{"medium":{"file":"IMG_1366-226x300.jpg","width":226,"height":300,"mime-type":"image\/jpeg","source_url":"https:\/\/iglesia-en-villar.es\/blog\/wp-content\/uploads\/2020\/03\/IMG_1366-226x300.jpg"},"large":{"file":"IMG_1366-771x1024.jpg","width":771,"height":1024,"mime-type":"image\/jpeg","source_url":"https:\/\/iglesia-en-villar.es\/blog\/wp-content\/uploads\/2020\/03\/IMG_1366-771x1024.jpg"},"thumbnail":{"file":"IMG_1366-150x150.jpg","width":150,"height":150,"mime-type":"image\/jpeg","source_url":"https:\/\/iglesia-en-villar.es\/blog\/wp-content\/uploads\/2020\/03\/IMG_1366-150x150.jpg"},"medium_large":{"file":"IMG_1366-768x1020.jpg","width":768,"height":1020,"mime-type":"image\/jpeg","source_url":"https:\/\/iglesia-en-villar.es\/blog\/wp-content\/uploads\/2020\/03\/IMG_1366-768x1020.jpg"},"1536x1536":{"file":"IMG_1366-1157x1536.jpg","width":1157,"height":1536,"mime-type":"image\/jpeg","source_url":"https:\/\/iglesia-en-villar.es\/blog\/wp-content\/uploads\/2020\/03\/IMG_1366-1157x1536.jpg"},"2048x2048":{"file":"IMG_1366-1542x2048.jpg","width":1542,"height":2048,"mime-type":"image\/jpeg","source_url":"https:\/\/iglesia-en-villar.es\/blog\/wp-content\/uploads\/2020\/03\/IMG_1366-1542x2048.jpg"},"post-thumbnail":{"file":"IMG_1366-113x150.jpg","width":113,"height":150,"mime-type":"image\/jpeg","source_url":"https:\/\/iglesia-en-villar.es\/blog\/wp-content\/uploads\/2020\/03\/IMG_1366-113x150.jpg"},"header":{"file":"IMG_1366-1320x230.jpg","width":1320,"height":230,"mime-type":"image\/jpeg","source_url":"https:\/\/iglesia-en-villar.es\/blog\/wp-content\/uploads\/2020\/03\/IMG_1366-1320x230.jpg"},"slider":{"file":"IMG_1366-1753x580.jpg","width":1753,"height":580,"mime-type":"image\/jpeg","source_url":"https:\/\/iglesia-en-villar.es\/blog\/wp-content\/uploads\/2020\/03\/IMG_1366-1753x580.jpg"},"columns":{"file":"IMG_1366-330x300.jpg","width":330,"height":300,"mime-type":"image\/jpeg","source_url":"https:\/\/iglesia-en-villar.es\/blog\/wp-content\/uploads\/2020\/03\/IMG_1366-330x300.jpg"},"custom":{"file":"IMG_1366-250x332.jpg","width":250,"height":332,"mime-type":"image\/jpeg","source_url":"https:\/\/iglesia-en-villar.es\/blog\/wp-content\/uploads\/2020\/03\/IMG_1366-250x332.jpg"}},"image_meta":{"aperture":"2.4","credit":"","camera":"iPhone X","caption":"","created_timestamp":"1561108895","copyright":"","focal_length":"6","iso":"125","shutter_speed":"0.03030303030303","title":"","orientation":"0","keywords":[]}},"post":null,"source_url":"https:\/\/iglesia-en-villar.es\/blog\/wp-content\/uploads\/2020\/03\/IMG_1366.jpg"},"read":true,"_links":{"self":[{"href":"https:\/\/iglesia-en-villar.es\/blog\/wp-json\/wp\/v2\/posts\/7480","targetHints":{"allow":["GET"]}}],"collection":[{"href":"https:\/\/iglesia-en-villar.es\/blog\/wp-json\/wp\/v2\/posts"}],"about":[{"href":"https:\/\/iglesia-en-villar.es\/blog\/wp-json\/wp\/v2\/types\/post"}],"author":[{"embeddable":true,"href":"https:\/\/iglesia-en-villar.es\/blog\/wp-json\/wp\/v2\/users\/53745"}],"replies":[{"embeddable":true,"href":"https:\/\/iglesia-en-villar.es\/blog\/wp-json\/wp\/v2\/comments?post=7480"}],"version-history":[{"count":2,"href":"https:\/\/iglesia-en-villar.es\/blog\/wp-json\/wp\/v2\/posts\/7480\/revisions"}],"predecessor-version":[{"id":7482,"href":"https:\/\/iglesia-en-villar.es\/blog\/wp-json\/wp\/v2\/posts\/7480\/revisions\/7482"}],"wp:featuredmedia":[{"embeddable":true,"href":"https:\/\/iglesia-en-villar.es\/blog\/wp-json\/wp\/v2\/media\/7473"}],"wp:attachment":[{"href":"https:\/\/iglesia-en-villar.es\/blog\/wp-json\/wp\/v2\/media?parent=7480"}],"wp:term":[{"taxonomy":"category","embeddable":true,"href":"https:\/\/iglesia-en-villar.es\/blog\/wp-json\/wp\/v2\/categories?post=7480"},{"taxonomy":"post_tag","embeddable":true,"href":"https:\/\/iglesia-en-villar.es\/blog\/wp-json\/wp\/v2\/tags?post=7480"}],"curies":[{"name":"wp","href":"https:\/\/api.w.org\/{rel}","templated":true}]}}