{"id":7535,"date":"2020-04-10T15:30:09","date_gmt":"2020-04-10T14:30:09","guid":{"rendered":"https:\/\/iglesia-en-villar.es\/blog\/?p=7535"},"modified":"2020-04-10T15:35:37","modified_gmt":"2020-04-10T14:35:37","slug":"editorial-10","status":"publish","type":"post","link":"https:\/\/iglesia-en-villar.es\/blog\/2020\/04\/10\/editorial-10\/","title":{"rendered":"Editorial"},"content":{"rendered":"\n<h4 class=\"wp-block-heading\"><strong>CRISTO VENCI\u00d3 A LA MUERTE. NOSOTROS VENCEREMOS EL VIRUS<\/strong><\/h4>\n\n\n\n\n\n<p><\/p>\n\n\n\n<p><\/p>\n\n\n\n<p> \u00a1Cristo vive! Esta es la gran verdad que llena de contenido nuestra fe.<\/p>\n\n\n\n<p>\nJes\u00fas,\nque muri\u00f3 en la cruz, ha resucitado. Ha triunfado de la muerte, del\npoder de las tinieblas, del dolor y de la angustia.<\/p>\n\n\n\n<p>\nEl\ntiempo pascual es tiempo de alegr\u00eda.<\/p>\n\n\n\n<p>\nDe\nuna alegr\u00eda que no se limita a esa \u00e9poca\ndel a\u00f1o lit\u00fargico,\nsino que se instala en todo momento en el coraz\u00f3n de los cristianos,\nporque Jes\u00fas est\u00e1\nvivo.<\/p>\n\n\n\n<p>\nJes\u00fas\nno es una figura que pas\u00f3, que existi\u00f3 en un tiempo y que se fue,\ndej\u00e1ndonos un recuerdo y un ejemplo maravillosos. No: Cristo vive.\nJes\u00fas es el Emmanuel; Dios con nosotros.<\/p>\n\n\n\n<p>\nSu\nResurrecci\u00f3n nos revela que Dios no abandona a los suyos.<\/p>\n\n\n\n<p> \u00bfPuede la mujer olvidarse del hijo de sus entra\u00f1as? Pues aunque se olvidara, yo no me olvidar\u00e9 de ti, prometido el Se\u00f1or, seg\u00fan lo relata el libro de Isa\u00edas. Y ha cumplido su promesa.<\/p>\n\n\n\n<p>\n&nbsp;&nbsp;La\nResurrecci\u00f3n\ngloriosa del Se\u00f1or es la clave\npara interpretar toda su vida, y el fundamento de nuestra fe. Sin esa\nvictoria sobre la muerte, dice San Pablo, toda predicaci\u00f3n ser\u00eda\nin\u00fatil, y nuestra fe estar\u00eda vac\u00eda de contenido.<\/p>\n\n\n\n<p>\nLa\nResurrecci\u00f3n de Cristo es la realidad central de la fe cat\u00f3lica. La\nimportancia de este milagro es tan grande, que los Ap\u00f3stoles son,\nante todo, testigos de la Resurrecci\u00f3n. Anuncian que Cristo vive, y\neste es el n\u00facleo de toda su predicaci\u00f3n. Esto es lo que, despu\u00e9s\nde veinte siglos, nosotros anunciamos al mundo: \u00a1Cristo\nvive! La Resurrecci\u00f3n es el\nargumento supremo de la Divinidad de Nuestro Se\u00f1or.<\/p>\n\n\n\n<p>\nDespu\u00e9s\nde resucitar por su propia virtud, Jes\u00fas glorioso fue visto por los\ndisc\u00edpulos, que pudieron cerciorarse de que era \u00c9l\nmismo: pudieron hablar con \u00c9l,\nle vieron comer, comprobaron las heridas de los clavos y de la lanza.\nLos Ap\u00f3stoles declaran que se manifest\u00f3 con numerosas pruebas, y\nmuchos de estos hombres murieron testificando esta verdad.<\/p>\n\n\n\n<p>\n&nbsp;Jesucristo\nvive. Y esto nos colma de alegr\u00eda el coraz\u00f3n. Esta es la gran\nverdad que llena de contenido nuestra fe. Jes\u00fas, que muri\u00f3 en la\ncruz, ha resucitado, ha triunfado sobre el dolor y la muerte. En \u00c9l,\nencontramos todo. Fuera de \u00c9l,\nnuestra vida queda vac\u00eda.<\/p>\n\n\n\n<p> La Resurrecci\u00f3n de Jes\u00fas, no tuvo otro testigo que el silencio &nbsp;de la noche pascual. Ninguno de los evangelistas describe la Resurrecci\u00f3n misma, sino solamente lo que pas\u00f3 despu\u00e9s. El hecho de la Resurrecci\u00f3n misma no fue visto por nadie, ni pudo serlo. La Resurrecci\u00f3n fue un acontecimiento estrictamente sobrenatural. No se puede constatar por los sentidos de nuestro cuerpo mortal, ya que no fue un simple levantarse de la tumba para seguir viviendo como antes. La Resurrecci\u00f3n es el paso a otra forma de vida, a la Vida gloriosa.<\/p>\n\n\n\n<p>\nMar\u00eda\nde Magdala fue a visitar el sepulcro de Jes\u00fas, al amanecer del\nprimer d\u00eda de la semana, del D\u00eda\ndel Se\u00f1or. Todas las apariciones\nde Jes\u00fas Resucitado ocurren en el d\u00eda\ndomingo.<\/p>\n\n\n\n<p>\nEl\nd\u00eda del Se\u00f1or,\nfue el amanecer de la Nueva Creaci\u00f3n en Jesucristo. En el Se\u00f1or fue\nrenovada la primera creaci\u00f3n, que hab\u00eda\nca\u00eddo bajo la corrupci\u00f3n del\npecado. Por eso los cristianos santificaron desde el comienzo este\nd\u00eda.<\/p>\n\n\n\n<p>\nMar\u00eda\nde Magdala es precisamente una de aquellas mujeres que estaban al pie\nde la cruz de Jes\u00fas y que estaban presentes cuando lo sepultaron.\nAs\u00ed que no hay error posible a prop\u00f3sito de la tumba de Jes\u00fas.<\/p>\n\n\n\n<p>\nJes\u00fas,\nal resucitar de entre los muertos, no ascendi\u00f3 inmediatamente al\ncielo. Si lo hubiera hecho, los esc\u00e9pticos\nque no cre\u00edan en la Resurrecci\u00f3n, hubieran resultado m\u00e1s\ndif\u00edciles de convencer. El Se\u00f1or\ndecidi\u00f3 permanecer cuarenta d\u00edas en la tierra. \n<\/p>\n\n\n\n<p>\nDurante\neste tiempo se apareci\u00f3 a Mar\u00eda Magdalena, a los disc\u00edpulos camino\nde Ema\u00fas y, varias veces, a sus Ap\u00f3stoles.<\/p>\n\n\n\n<p>\n&nbsp;El\nSe\u00f1or ha resucitado de entre los muertos, como lo hab\u00eda\ndicho. Alegr\u00e9monos\ny regocij\u00e9monos\ntodos, porque reina para siempre, aleluya!<\/p>\n\n\n\n<p>\nNunca\nfalta la alegr\u00eda en el transcurso del a\u00f1o\nlit\u00fargico, porque est\u00e1\npermanentemente relacionado, de\nun modo u otro, con la solemnidad pascual, pero es en este d\u00eda,\nDomingo de Pascua de Resurrecci\u00f3n, cuando este\ngozo se pone especialmente de manifiesto.<\/p>\n\n\n\n<p>\nCon\nla Muerte y la Resurrecci\u00f3n\ndel Se\u00f1or hemos sido rescatados\ndel pecado, del poder del demonio y de la muerte eterna.<\/p>\n\n\n\n<p>\nLa\nalegr\u00eda profunda de este d\u00eda tiene su origen en Cristo, en el amor\nque Dios nos tiene y en nuestra correspondencia con ese amor. Se\ncumple aquella promesa del Se\u00f1or: Yo les dar\u00e9\nuna alegr\u00eda que nadie les podr\u00e1\nquitar. La\n\u00fanica\ncondici\u00f3n que nos pone es no\nsepararnos nunca del Padre, no dejar nunca que las&nbsp;cosas nos\nseparen de \u00c9l;\nexperimentar en todo momento que somos hijos suyos.<\/p>\n\n\n\n<p class=\"has-text-align-right\"><strong>Ra\u00fal Garc\u00eda<\/strong><\/p>\n\n\n","protected":false},"excerpt":{"rendered":"<p>CRISTO VENCI\u00d3 A LA MUERTE. NOSOTROS VENCEREMOS EL VIRUS \u00a1Cristo vive! Esta es la gran verdad que llena de contenido nuestra fe. Jes\u00fas, que muri\u00f3 en la cruz, ha resucitado. Ha triunfado de la muerte, del poder de las tinieblas, del dolor y de la angustia. El tiempo pascual es tiempo de alegr\u00eda. De una alegr\u00eda que no se limita&#8230;<\/p>\n<p> <a class=\"continue-reading-link\" href=\"https:\/\/iglesia-en-villar.es\/blog\/2020\/04\/10\/editorial-10\/\"><span>Leer m\u00e1s<\/span><i class=\"crycon-right-dir\"><\/i><\/a> <\/p>\n","protected":false},"author":53745,"featured_media":7527,"comment_status":"open","ping_status":"open","sticky":false,"template":"","format":"standard","meta":{"inline_featured_image":false,"footnotes":""},"categories":[13],"tags":[],"class_list":["post-7535","post","type-post","status-publish","format-standard","has-post-thumbnail","hentry","category-editorial"],"better_featured_image":{"id":7527,"alt_text":"","caption":"","description":"","media_type":"image","media_details":{"width":308,"height":164,"file":"2020\/04\/IMG_5634.jpg","sizes":{"medium":{"file":"IMG_5634-300x160.jpg","width":300,"height":160,"mime-type":"image\/jpeg","source_url":"https:\/\/iglesia-en-villar.es\/blog\/wp-content\/uploads\/2020\/04\/IMG_5634-300x160.jpg"},"thumbnail":{"file":"IMG_5634-150x150.jpg","width":150,"height":150,"mime-type":"image\/jpeg","source_url":"https:\/\/iglesia-en-villar.es\/blog\/wp-content\/uploads\/2020\/04\/IMG_5634-150x150.jpg"},"post-thumbnail":{"file":"IMG_5634-150x80.jpg","width":150,"height":80,"mime-type":"image\/jpeg","source_url":"https:\/\/iglesia-en-villar.es\/blog\/wp-content\/uploads\/2020\/04\/IMG_5634-150x80.jpg"},"custom":{"file":"IMG_5634-250x133.jpg","width":250,"height":133,"mime-type":"image\/jpeg","source_url":"https:\/\/iglesia-en-villar.es\/blog\/wp-content\/uploads\/2020\/04\/IMG_5634-250x133.jpg"}},"image_meta":{"aperture":"0","credit":"","camera":"","caption":"","created_timestamp":"0","copyright":"","focal_length":"0","iso":"0","shutter_speed":"0","title":"","orientation":"0","keywords":[]}},"post":null,"source_url":"https:\/\/iglesia-en-villar.es\/blog\/wp-content\/uploads\/2020\/04\/IMG_5634.jpg"},"read":true,"_links":{"self":[{"href":"https:\/\/iglesia-en-villar.es\/blog\/wp-json\/wp\/v2\/posts\/7535","targetHints":{"allow":["GET"]}}],"collection":[{"href":"https:\/\/iglesia-en-villar.es\/blog\/wp-json\/wp\/v2\/posts"}],"about":[{"href":"https:\/\/iglesia-en-villar.es\/blog\/wp-json\/wp\/v2\/types\/post"}],"author":[{"embeddable":true,"href":"https:\/\/iglesia-en-villar.es\/blog\/wp-json\/wp\/v2\/users\/53745"}],"replies":[{"embeddable":true,"href":"https:\/\/iglesia-en-villar.es\/blog\/wp-json\/wp\/v2\/comments?post=7535"}],"version-history":[{"count":5,"href":"https:\/\/iglesia-en-villar.es\/blog\/wp-json\/wp\/v2\/posts\/7535\/revisions"}],"predecessor-version":[{"id":7541,"href":"https:\/\/iglesia-en-villar.es\/blog\/wp-json\/wp\/v2\/posts\/7535\/revisions\/7541"}],"wp:featuredmedia":[{"embeddable":true,"href":"https:\/\/iglesia-en-villar.es\/blog\/wp-json\/wp\/v2\/media\/7527"}],"wp:attachment":[{"href":"https:\/\/iglesia-en-villar.es\/blog\/wp-json\/wp\/v2\/media?parent=7535"}],"wp:term":[{"taxonomy":"category","embeddable":true,"href":"https:\/\/iglesia-en-villar.es\/blog\/wp-json\/wp\/v2\/categories?post=7535"},{"taxonomy":"post_tag","embeddable":true,"href":"https:\/\/iglesia-en-villar.es\/blog\/wp-json\/wp\/v2\/tags?post=7535"}],"curies":[{"name":"wp","href":"https:\/\/api.w.org\/{rel}","templated":true}]}}