{"id":7624,"date":"2020-05-08T17:23:52","date_gmt":"2020-05-08T16:23:52","guid":{"rendered":"https:\/\/iglesia-en-villar.es\/blog\/?p=7624"},"modified":"2020-05-08T17:23:54","modified_gmt":"2020-05-08T16:23:54","slug":"editorial-13","status":"publish","type":"post","link":"https:\/\/iglesia-en-villar.es\/blog\/2020\/05\/08\/editorial-13\/","title":{"rendered":"EDITORIAL"},"content":{"rendered":"\n<p class=\"western\" lang=\"es-ES-u-co-trad\" align=\"center\"><strong>LA VUELTA A MISA<\/strong><\/p>\n<p class=\"western\" lang=\"es-ES-u-co-trad\" align=\"justify\">Desde el pasado 13 de marzo, en el que se suspendieron todas las actividades presenciales, la Parroquia ha permanecido cerrada, pero muy viva celebrando el culto sin la presencia de los fieles, incluso la Semana Santa y el inicio de la Pascua. En la Parroquia hemos seguido celebrando la Eucarist\u00eda todos los d\u00edas, sin la presencia de files, y ejerciendo la caridad con los medios de que dispon\u00edamos a trav\u00e9s de CARITAS, y he mantenido el contacto con un gran n\u00famero de vosotros diariamente por tv, internet o tel\u00e9fono m\u00f3vil.<\/p>\n<p class=\"western\" lang=\"es-ES-u-co-trad\" align=\"justify\">Ahora, seg\u00fan todas las indicaciones, ha llegado el momento emocionante de quitar las fotograf\u00edas y recibiros de nuevo a vosotros, de reiniciar la celebraci\u00f3n de la Eucarist\u00eda con la participaci\u00f3n de fieles el pr\u00f3ximo lunes 11 de mayo. Para hacerlo con las mayores garant\u00edas sanitarias, durante estas \u00faltimas semanas estamos preparado el Templo y sus instalaciones, para poder acoger a las personas que veng\u00e1is. Para que este \u201cregreso\u201d sea lo m\u00e1s seguro posible, hemos establecido, siguiendo las indicaciones de la Conferencia Episcopal Espa\u00f1ola y del Arzobispado e Valencia, una serie de normas, de obligado cumplimiento, para mantener nuestro templo como un lugar seguro. No olvidemos que el fin del confinamiento, en sus diversas fases, no supone el fin de la presencia del virus: el Covid-19 sigue presente, aunque no lo veamos y no existe, a d\u00eda de hoy, ni vacuna alguna ni tratamiento para los que se contagian, por lo que <u><b>todas las precauciones son pocas.<\/b><\/u> Ser\u00eda f\u00e1cil dejarnos llevar por el \u201centusiasmo\u201d de salir a la calle, pero no ha de ser as\u00ed sin tener en cuenta medidas especiales para cuidarnos todos. Para ello, para poder reiniciar la vida parroquial comunitaria con la mayor seguridad, hemos establecido estas normas y criterios:<\/p>\n<p class=\"western\" lang=\"es-ES-u-co-trad\" align=\"justify\">1.- El aforo m\u00e1ximo, teniendo en cuenta el aforo del templo y la distancia de seguridad, ser\u00e1 de alrededor de 70 personas. <b>Ser\u00e1 importante venir con tiempo y no 5 minutos antes<\/b>. Si alguien llega a alguna de las celebraciones y se encuentra la puerta cerrada, significar\u00e1 que el aforo est\u00e1 completo y no se le permitir\u00e1 la entrada.<\/p>\n<p class=\"western\" lang=\"es-ES-u-co-trad\" align=\"justify\">2.- <b>Es imprescindible, para acceder al Templo, el uso de mascarilla<\/b>. En la entrada se ofrecer\u00e1 <b>gel hidroalcoh\u00f3lico<\/b> para la desinfecci\u00f3n de las manos. Aunque <b>se recomienda traerlo de casa<\/b>. Los guantes ser\u00e1n opcionales, pero, recomendables.<\/p>\n<p class=\"western\" lang=\"es-ES-u-co-trad\" align=\"justify\">3.- <b>Se han marcado en los bancos los lugares en los que hay que situarse<\/b>. Se ha tenido en cuenta respetar la distancia de seguridad. <u><b>No busque \u201csu sitio de siempre\u201d<\/b><\/u>. El Servicio de Orden le indicar\u00e1 d\u00f3nde debe sentarse. Tambi\u00e9n los pasillos ser\u00e1n de sentido \u00fanico. No nos cruzaremos unos con otros.<\/p>\n<p class=\"western\" lang=\"es-ES-u-co-trad\" align=\"justify\">4.- De <b>lunes a s\u00e1bado<\/b> la eucarist\u00eda ser\u00e1 a las <b>19 horas<\/b>. Los <b>Domingos<\/b> mantendremos la misa de catequesis para ni\u00f1os a las <b>12:30h<\/b>.<\/p>\n<p class=\"western\" lang=\"es-ES-u-co-trad\" align=\"justify\">5.- En el momento de acercarse a recibir la Sagrada Comuni\u00f3n, hay que respetar, tambi\u00e9n la distancia entre las personas. Para ayudar a mantener la distancia, se han marcado en el suelo unas marcas. La Comuni\u00f3n se recibe, <span style=\"font-size: large;\"><u><b>siempre<\/b><\/u><\/span>, en la mano sin guantes, sin decir \u201cAm\u00e9n\u201d, ya que lo habremos hecho juntos previamente.<\/p>\n<p class=\"western\" lang=\"es-ES-u-co-trad\" align=\"justify\">6.- Para la <b>colecta<\/b>, <u><b>no se parar\u00e1 el cestillo<\/b><\/u> en el momento del ofertorio como viene siendo habitual. A la salida &#8211;<i>que haremos atendiendo a las indicaciones del Servicio de Orden<\/i>-, de la celebraci\u00f3n, sobre una mesa, habr\u00e1 un lugar en el que depositar su ofrenda, su ayuda y colaboraci\u00f3n con la vida parroquial. Agradecemos, como siempre, su ayuda.<\/p>\n<p class=\"western\" lang=\"es-ES-u-co-trad\" align=\"justify\">7.- Para las cuestiones referidas con el Despacho Parroquial, encargo de Misa, consultas, Chimo seguir\u00e1 atendiendo gentilmente vuestras llamadas al: 689,330,097. Agradecemos su colaboraci\u00f3n en todos estos aspectos que, nos ayudar\u00e1n a poder reincorporarnos, progresivamente a la vida parroquia. En estos d\u00edas en los que celebramos la fiesta lit\u00fargica de la Mare de D\u00e9u dels Desamparats, pedimos el auxilio de la Sant\u00edsima Virgen Mar\u00eda. Unidos en la oraci\u00f3n y en la Eucarist\u00eda<\/p>\n<p class=\"western\" lang=\"es-ES-u-co-trad\" align=\"justify\"><strong>Ra\u00fal Garc\u00eda Ad\u00e1n.<\/strong><\/p>\n","protected":false},"excerpt":{"rendered":"<p>LA VUELTA A MISA Desde el pasado 13 de marzo, en el que se suspendieron todas las actividades presenciales, la Parroquia ha permanecido cerrada, pero muy viva celebrando el culto sin la presencia de los fieles, incluso la Semana Santa y el inicio de la Pascua. En la Parroquia hemos seguido celebrando la Eucarist\u00eda todos los d\u00edas, sin la presencia&#8230;<\/p>\n<p> <a class=\"continue-reading-link\" href=\"https:\/\/iglesia-en-villar.es\/blog\/2020\/05\/08\/editorial-13\/\"><span>Leer m\u00e1s<\/span><i class=\"crycon-right-dir\"><\/i><\/a> <\/p>\n","protected":false},"author":53745,"featured_media":7611,"comment_status":"open","ping_status":"open","sticky":false,"template":"","format":"standard","meta":{"inline_featured_image":false,"footnotes":""},"categories":[13],"tags":[],"class_list":["post-7624","post","type-post","status-publish","format-standard","has-post-thumbnail","hentry","category-editorial"],"better_featured_image":{"id":7611,"alt_text":"","caption":"","description":"","media_type":"image","media_details":{"width":194,"height":259,"file":"2020\/05\/Unknown-2.jpeg","sizes":{"thumbnail":{"file":"Unknown-2-150x150.jpeg","width":150,"height":150,"mime-type":"image\/jpeg","source_url":"https:\/\/iglesia-en-villar.es\/blog\/wp-content\/uploads\/2020\/05\/Unknown-2-150x150.jpeg"},"post-thumbnail":{"file":"Unknown-2-112x150.jpeg","width":112,"height":150,"mime-type":"image\/jpeg","source_url":"https:\/\/iglesia-en-villar.es\/blog\/wp-content\/uploads\/2020\/05\/Unknown-2-112x150.jpeg"},"header":{"file":"Unknown-2-194x230.jpeg","width":194,"height":230,"mime-type":"image\/jpeg","source_url":"https:\/\/iglesia-en-villar.es\/blog\/wp-content\/uploads\/2020\/05\/Unknown-2-194x230.jpeg"}},"image_meta":{"aperture":"0","credit":"","camera":"","caption":"","created_timestamp":"0","copyright":"","focal_length":"0","iso":"0","shutter_speed":"0","title":"","orientation":"0","keywords":[]}},"post":null,"source_url":"https:\/\/iglesia-en-villar.es\/blog\/wp-content\/uploads\/2020\/05\/Unknown-2.jpeg"},"read":true,"_links":{"self":[{"href":"https:\/\/iglesia-en-villar.es\/blog\/wp-json\/wp\/v2\/posts\/7624","targetHints":{"allow":["GET"]}}],"collection":[{"href":"https:\/\/iglesia-en-villar.es\/blog\/wp-json\/wp\/v2\/posts"}],"about":[{"href":"https:\/\/iglesia-en-villar.es\/blog\/wp-json\/wp\/v2\/types\/post"}],"author":[{"embeddable":true,"href":"https:\/\/iglesia-en-villar.es\/blog\/wp-json\/wp\/v2\/users\/53745"}],"replies":[{"embeddable":true,"href":"https:\/\/iglesia-en-villar.es\/blog\/wp-json\/wp\/v2\/comments?post=7624"}],"version-history":[{"count":1,"href":"https:\/\/iglesia-en-villar.es\/blog\/wp-json\/wp\/v2\/posts\/7624\/revisions"}],"predecessor-version":[{"id":7625,"href":"https:\/\/iglesia-en-villar.es\/blog\/wp-json\/wp\/v2\/posts\/7624\/revisions\/7625"}],"wp:featuredmedia":[{"embeddable":true,"href":"https:\/\/iglesia-en-villar.es\/blog\/wp-json\/wp\/v2\/media\/7611"}],"wp:attachment":[{"href":"https:\/\/iglesia-en-villar.es\/blog\/wp-json\/wp\/v2\/media?parent=7624"}],"wp:term":[{"taxonomy":"category","embeddable":true,"href":"https:\/\/iglesia-en-villar.es\/blog\/wp-json\/wp\/v2\/categories?post=7624"},{"taxonomy":"post_tag","embeddable":true,"href":"https:\/\/iglesia-en-villar.es\/blog\/wp-json\/wp\/v2\/tags?post=7624"}],"curies":[{"name":"wp","href":"https:\/\/api.w.org\/{rel}","templated":true}]}}