{"id":7630,"date":"2020-05-16T11:07:53","date_gmt":"2020-05-16T10:07:53","guid":{"rendered":"https:\/\/iglesia-en-villar.es\/blog\/?p=7630"},"modified":"2020-05-16T11:07:54","modified_gmt":"2020-05-16T10:07:54","slug":"intenciones-de-misa-19","status":"publish","type":"post","link":"https:\/\/iglesia-en-villar.es\/blog\/2020\/05\/16\/intenciones-de-misa-19\/","title":{"rendered":"Intenciones de Misa"},"content":{"rendered":"\n<p><strong>LUNES D\u00cdA 18<\/strong><\/p>\n\n\n\n<p>8,30 H. CONVENTO<\/p>\n\n\n\n<p>19 H. TEMPLO<\/p>\n\n\n\n<p>Sufragio de Pascual Molina Ramirez.<\/p>\n\n\n\n<p><strong>MARTES <\/strong><strong>D\u00cdA<\/strong><strong>1<\/strong><strong>9<\/strong><\/p>\n\n\n\n<p>8,30 H. CONVENTO<\/p>\n\n\n\n<p>19 H. TEMPLO<\/p>\n\n\n\n<p>Por los Enfermos.<\/p>\n\n\n\n<p><strong>MI\u00c9RCOLES D\u00cdA 20<\/strong><\/p>\n\n\n\n<p>8,30 H. CONVENTO.<\/p>\n\n\n\n<p>19 H. TEMPLO<\/p>\n\n\n\n<p>Sufragio de: Matrimonio Mar\u00eda Moreno Exp\u00f3sito y Miguel Gordo Garay \u2013 Manuel Moreno Exp\u00f3sito.<\/p>\n\n\n\n<p><strong>JUEVES D\u00cdA 21<\/strong><\/p>\n\n\n\n<p>8,30 H. CONVENTO.<\/p>\n\n\n\n<p>19 H. TEMPLO<\/p>\n\n\n\n<p>Sufragio de: Gloria Paz Hernaiz Garc\u00eda \u2013 Difuntos de Paz Garc\u00eda.<\/p>\n\n\n\n<p><strong>VIERNES D\u00cdA 22<\/strong><\/p>\n\n\n\n<p>8,30 H. CONVENTO.<\/p>\n\n\n\n<p>19 H. TEMPLO.<\/p>\n\n\n\n<p>A Santa Lucia de una devota.<\/p>\n\n\n\n<p><strong>S\u00c1BADO D\u00cdA 23<\/strong><\/p>\n\n\n\n<p>8,30 H. CONVENTO.<\/p>\n\n\n\n<p>19 H. TEMPLO<\/p>\n\n\n\n<p>Sufragio de Paco y Paz.<\/p>\n\n\n\n<p><strong>DOMINGO D\u00cdA 24<\/strong><\/p>\n\n\n\n<p>9 H. CONVENTO.<\/p>\n\n\n\n<p>12,30 H TEMPLO.<\/p>\n\n\n\n<p>Misa Pro-populo.<\/p>\n","protected":false},"excerpt":{"rendered":"<p>LUNES D\u00cdA 18 8,30 H. CONVENTO 19 H. TEMPLO Sufragio de Pascual Molina Ramirez. MARTES D\u00cdA19 8,30 H. CONVENTO 19 H. TEMPLO Por los Enfermos. MI\u00c9RCOLES D\u00cdA 20 8,30 H. CONVENTO. 19 H. TEMPLO Sufragio de: Matrimonio Mar\u00eda Moreno Exp\u00f3sito y Miguel Gordo Garay \u2013 Manuel Moreno Exp\u00f3sito. JUEVES D\u00cdA 21 8,30 H. CONVENTO. 19 H. TEMPLO Sufragio de: Gloria&#8230;<\/p>\n<p> <a class=\"continue-reading-link\" href=\"https:\/\/iglesia-en-villar.es\/blog\/2020\/05\/16\/intenciones-de-misa-19\/\"><span>Leer m\u00e1s<\/span><i class=\"crycon-right-dir\"><\/i><\/a> <\/p>\n","protected":false},"author":53745,"featured_media":0,"comment_status":"open","ping_status":"open","sticky":false,"template":"","format":"standard","meta":{"inline_featured_image":false,"footnotes":""},"categories":[3,1],"tags":[],"class_list":["post-7630","post","type-post","status-publish","format-standard","hentry","category-intenciones","category-sin-categoria"],"better_featured_image":null,"read":true,"_links":{"self":[{"href":"https:\/\/iglesia-en-villar.es\/blog\/wp-json\/wp\/v2\/posts\/7630","targetHints":{"allow":["GET"]}}],"collection":[{"href":"https:\/\/iglesia-en-villar.es\/blog\/wp-json\/wp\/v2\/posts"}],"about":[{"href":"https:\/\/iglesia-en-villar.es\/blog\/wp-json\/wp\/v2\/types\/post"}],"author":[{"embeddable":true,"href":"https:\/\/iglesia-en-villar.es\/blog\/wp-json\/wp\/v2\/users\/53745"}],"replies":[{"embeddable":true,"href":"https:\/\/iglesia-en-villar.es\/blog\/wp-json\/wp\/v2\/comments?post=7630"}],"version-history":[{"count":1,"href":"https:\/\/iglesia-en-villar.es\/blog\/wp-json\/wp\/v2\/posts\/7630\/revisions"}],"predecessor-version":[{"id":7631,"href":"https:\/\/iglesia-en-villar.es\/blog\/wp-json\/wp\/v2\/posts\/7630\/revisions\/7631"}],"wp:attachment":[{"href":"https:\/\/iglesia-en-villar.es\/blog\/wp-json\/wp\/v2\/media?parent=7630"}],"wp:term":[{"taxonomy":"category","embeddable":true,"href":"https:\/\/iglesia-en-villar.es\/blog\/wp-json\/wp\/v2\/categories?post=7630"},{"taxonomy":"post_tag","embeddable":true,"href":"https:\/\/iglesia-en-villar.es\/blog\/wp-json\/wp\/v2\/tags?post=7630"}],"curies":[{"name":"wp","href":"https:\/\/api.w.org\/{rel}","templated":true}]}}