{"id":7656,"date":"2020-05-30T14:36:27","date_gmt":"2020-05-30T13:36:27","guid":{"rendered":"https:\/\/iglesia-en-villar.es\/blog\/?p=7656"},"modified":"2020-05-30T14:36:28","modified_gmt":"2020-05-30T13:36:28","slug":"intenciones-de-misa-21","status":"publish","type":"post","link":"https:\/\/iglesia-en-villar.es\/blog\/2020\/05\/30\/intenciones-de-misa-21\/","title":{"rendered":"Intenciones de Misa"},"content":{"rendered":"\n<p><strong>LUNES D\u00cdA 1<\/strong><\/p>\n\n\n\n<p>8,30 H. CONVENTO<\/p>\n\n\n\n<p>19 H. TEMPLO<\/p>\n\n\n\n<p>Difuntos Familia M\u00ednguez Bori.<\/p>\n\n\n\n<p><strong>MARTES <\/strong><strong>D\u00cdA<\/strong><strong>2<\/strong><\/p>\n\n\n\n<p>8,30 H. CONVENTO<\/p>\n\n\n\n<p>19 H. TEMPLO<\/p>\n\n\n\n<p>Por los Enfermos \u2013 sufragio de Angeles Palomar Iba\u00f1ez &#8211; Acci\u00f3n de Gracias a San Blas.<\/p>\n\n\n\n<p><strong>MI\u00c9RCOLES D\u00cdA 3<\/strong><\/p>\n\n\n\n<p>8,30 H. CONVENTO.<\/p>\n\n\n\n<p>19 H. TEMPLO<\/p>\n\n\n\n<p>Sufragio Matrimonio Jos\u00e9 Apar\u00edcio Torres y Carmen Molina Moreno \u2013 Manuel Pastor Ant\u00f3n.<\/p>\n\n\n\n<p><strong>JUEVES D\u00cdA 4<\/strong><\/p>\n\n\n\n<p>8,30 H. CONVENTO.<\/p>\n\n\n\n<p>19 H. TEMPLO<\/p>\n\n\n\n<p>Sufragio Matrimonio Joaqu\u00edn Lamoncha y Francisca Usach e Hijo \u2013 Vicente Cervera Cervera y Padres.<\/p>\n\n\n\n<p><strong>VIERNES D\u00cdA 5<\/strong><\/p>\n\n\n\n<p>8,30 H. CONVENTO.<\/p>\n\n\n\n<p>19 H. TEMPLO.<\/p>\n\n\n\n<p>Sufragio de Paz Tortajada M\u00ednguez \u2013 Al Coraz\u00f3n de Jes\u00fas de la Junta.<\/p>\n\n\n\n<p><strong>S\u00c1BADO D\u00cdA 6<\/strong><\/p>\n\n\n\n<p>8,30 H. CONVENTO.<\/p>\n\n\n\n<p>19 H. TEMPLO<\/p>\n\n\n\n<p>Sufragio de: Manolita Tortajada y Padres \u2013 Carmen Porta y Manolo Apar\u00edcio \u2013 Paz L\u00f3pez Adri\u00e1n y Familia.<\/p>\n\n\n\n<p><strong>DOMINGO D\u00cdA 7<\/strong><\/p>\n\n\n\n<p>12,30 H TEMPO<\/p>\n\n\n\n<p>Misa Pro-populo.<\/p>\n","protected":false},"excerpt":{"rendered":"<p>LUNES D\u00cdA 1 8,30 H. CONVENTO 19 H. TEMPLO Difuntos Familia M\u00ednguez Bori. MARTES D\u00cdA2 8,30 H. CONVENTO 19 H. TEMPLO Por los Enfermos \u2013 sufragio de Angeles Palomar Iba\u00f1ez &#8211; Acci\u00f3n de Gracias a San Blas. MI\u00c9RCOLES D\u00cdA 3 8,30 H. CONVENTO. 19 H. TEMPLO Sufragio Matrimonio Jos\u00e9 Apar\u00edcio Torres y Carmen Molina Moreno \u2013 Manuel Pastor Ant\u00f3n. JUEVES&#8230;<\/p>\n<p> <a class=\"continue-reading-link\" href=\"https:\/\/iglesia-en-villar.es\/blog\/2020\/05\/30\/intenciones-de-misa-21\/\"><span>Leer m\u00e1s<\/span><i class=\"crycon-right-dir\"><\/i><\/a> <\/p>\n","protected":false},"author":53745,"featured_media":0,"comment_status":"open","ping_status":"open","sticky":false,"template":"","format":"standard","meta":{"inline_featured_image":false,"footnotes":""},"categories":[3],"tags":[],"class_list":["post-7656","post","type-post","status-publish","format-standard","hentry","category-intenciones"],"better_featured_image":null,"read":true,"_links":{"self":[{"href":"https:\/\/iglesia-en-villar.es\/blog\/wp-json\/wp\/v2\/posts\/7656","targetHints":{"allow":["GET"]}}],"collection":[{"href":"https:\/\/iglesia-en-villar.es\/blog\/wp-json\/wp\/v2\/posts"}],"about":[{"href":"https:\/\/iglesia-en-villar.es\/blog\/wp-json\/wp\/v2\/types\/post"}],"author":[{"embeddable":true,"href":"https:\/\/iglesia-en-villar.es\/blog\/wp-json\/wp\/v2\/users\/53745"}],"replies":[{"embeddable":true,"href":"https:\/\/iglesia-en-villar.es\/blog\/wp-json\/wp\/v2\/comments?post=7656"}],"version-history":[{"count":1,"href":"https:\/\/iglesia-en-villar.es\/blog\/wp-json\/wp\/v2\/posts\/7656\/revisions"}],"predecessor-version":[{"id":7657,"href":"https:\/\/iglesia-en-villar.es\/blog\/wp-json\/wp\/v2\/posts\/7656\/revisions\/7657"}],"wp:attachment":[{"href":"https:\/\/iglesia-en-villar.es\/blog\/wp-json\/wp\/v2\/media?parent=7656"}],"wp:term":[{"taxonomy":"category","embeddable":true,"href":"https:\/\/iglesia-en-villar.es\/blog\/wp-json\/wp\/v2\/categories?post=7656"},{"taxonomy":"post_tag","embeddable":true,"href":"https:\/\/iglesia-en-villar.es\/blog\/wp-json\/wp\/v2\/tags?post=7656"}],"curies":[{"name":"wp","href":"https:\/\/api.w.org\/{rel}","templated":true}]}}