{"id":7725,"date":"2020-07-04T11:51:21","date_gmt":"2020-07-04T10:51:21","guid":{"rendered":"https:\/\/iglesia-en-villar.es\/blog\/?p=7725"},"modified":"2020-07-04T11:51:54","modified_gmt":"2020-07-04T10:51:54","slug":"intenciones-de-misa-26","status":"publish","type":"post","link":"https:\/\/iglesia-en-villar.es\/blog\/2020\/07\/04\/intenciones-de-misa-26\/","title":{"rendered":"Intenciones de Misa"},"content":{"rendered":"\n<p><strong>LUNES D\u00cdA 6<\/strong><\/p>\n\n\n\n<p>8,30 H. CONVENTO<\/p>\n\n\n\n<p>20 H. TEMPLO<\/p>\n\n\n\n<p>Sufragio de Manolita Tortajada y Padres &#8211; Acci\u00f3n de Gracias a Jes\u00fas Resucitados.<\/p>\n\n\n\n<p><strong>MARTES <\/strong><strong>D\u00cdA<\/strong><strong>7<\/strong><\/p>\n\n\n\n<p>8,30 H. CONVENTO<\/p>\n\n\n\n<p>20 H. TEMPLO<\/p>\n\n\n\n<p><strong>ANIVERSARIO FUNERAL DE VICENTE M\u00cdNGUEZ MART\u00cdNEZ.<\/strong><\/p>\n\n\n\n<p><strong>MI\u00c9RCOLES D\u00cdA 8<\/strong><\/p>\n\n\n\n<p>8,30 H. CONVENTO.<\/p>\n\n\n\n<p>20 H. TEMPLO<\/p>\n\n\n\n<p>Por los Enfermos \u2013 Acci\u00f3n de Gracias a la Sant\u00edsima Trinidad y Al Esp\u00edritu Santo.<\/p>\n\n\n\n<p><strong>JUEVES D\u00cdA 9<\/strong><\/p>\n\n\n\n<p>8,30 H. CONVENTO.<\/p>\n\n\n\n<p>20 H. TEMPLO<\/p>\n\n\n\n<p>Sufragio Difuntos de Paz \u2013 Acci\u00f3n de Gracias a San Ferm\u00edn.<\/p>\n\n\n\n<p><strong>VIERNES D\u00cdA 10<\/strong><\/p>\n\n\n\n<p>8,30 H. CONVENTO.<\/p>\n\n\n\n<p>20 H. TEMPLO.<\/p>\n\n\n\n<p>Sufragio de Rafael Valero L\u00f3pez.<\/p>\n\n\n\n<p><strong>S\u00c1BADO D\u00cdA 11<\/strong><\/p>\n\n\n\n<p>8,30 H. CONVENTO.<\/p>\n\n\n\n<p>20 H. TEMPLO<\/p>\n\n\n\n<p>Sufragio de: Matrimonio Carmen Porta y Manuel Apar\u00edcio \u2013 Norberta Palomar Castellano \u2013 Difuntos de \u00c1ngeles y Antonio.<\/p>\n\n\n\n<p><strong>DOMINGO D\u00cdA 12<\/strong><\/p>\n\n\n\n<p>9 H. CONVENTO.<\/p>\n\n\n\n<p>10 H TEMPO<\/p>\n\n\n\n<p>Misa Pro-populo.<\/p>\n","protected":false},"excerpt":{"rendered":"<p>LUNES D\u00cdA 6 8,30 H. CONVENTO 20 H. TEMPLO Sufragio de Manolita Tortajada y Padres &#8211; Acci\u00f3n de Gracias a Jes\u00fas Resucitados. MARTES D\u00cdA7 8,30 H. CONVENTO 20 H. TEMPLO ANIVERSARIO FUNERAL DE VICENTE M\u00cdNGUEZ MART\u00cdNEZ. MI\u00c9RCOLES D\u00cdA 8 8,30 H. CONVENTO. 20 H. TEMPLO Por los Enfermos \u2013 Acci\u00f3n de Gracias a la Sant\u00edsima Trinidad y Al Esp\u00edritu Santo&#8230;.<\/p>\n<p> <a class=\"continue-reading-link\" href=\"https:\/\/iglesia-en-villar.es\/blog\/2020\/07\/04\/intenciones-de-misa-26\/\"><span>Leer m\u00e1s<\/span><i class=\"crycon-right-dir\"><\/i><\/a> <\/p>\n","protected":false},"author":53745,"featured_media":0,"comment_status":"open","ping_status":"open","sticky":false,"template":"","format":"standard","meta":{"inline_featured_image":false,"footnotes":""},"categories":[3],"tags":[],"class_list":["post-7725","post","type-post","status-publish","format-standard","hentry","category-intenciones"],"better_featured_image":null,"read":true,"_links":{"self":[{"href":"https:\/\/iglesia-en-villar.es\/blog\/wp-json\/wp\/v2\/posts\/7725","targetHints":{"allow":["GET"]}}],"collection":[{"href":"https:\/\/iglesia-en-villar.es\/blog\/wp-json\/wp\/v2\/posts"}],"about":[{"href":"https:\/\/iglesia-en-villar.es\/blog\/wp-json\/wp\/v2\/types\/post"}],"author":[{"embeddable":true,"href":"https:\/\/iglesia-en-villar.es\/blog\/wp-json\/wp\/v2\/users\/53745"}],"replies":[{"embeddable":true,"href":"https:\/\/iglesia-en-villar.es\/blog\/wp-json\/wp\/v2\/comments?post=7725"}],"version-history":[{"count":1,"href":"https:\/\/iglesia-en-villar.es\/blog\/wp-json\/wp\/v2\/posts\/7725\/revisions"}],"predecessor-version":[{"id":7726,"href":"https:\/\/iglesia-en-villar.es\/blog\/wp-json\/wp\/v2\/posts\/7725\/revisions\/7726"}],"wp:attachment":[{"href":"https:\/\/iglesia-en-villar.es\/blog\/wp-json\/wp\/v2\/media?parent=7725"}],"wp:term":[{"taxonomy":"category","embeddable":true,"href":"https:\/\/iglesia-en-villar.es\/blog\/wp-json\/wp\/v2\/categories?post=7725"},{"taxonomy":"post_tag","embeddable":true,"href":"https:\/\/iglesia-en-villar.es\/blog\/wp-json\/wp\/v2\/tags?post=7725"}],"curies":[{"name":"wp","href":"https:\/\/api.w.org\/{rel}","templated":true}]}}