{"id":7747,"date":"2020-07-18T11:11:57","date_gmt":"2020-07-18T10:11:57","guid":{"rendered":"https:\/\/iglesia-en-villar.es\/blog\/?p=7747"},"modified":"2020-07-18T11:11:59","modified_gmt":"2020-07-18T10:11:59","slug":"intenciones-de-misa-28","status":"publish","type":"post","link":"https:\/\/iglesia-en-villar.es\/blog\/2020\/07\/18\/intenciones-de-misa-28\/","title":{"rendered":"Intenciones de Misa"},"content":{"rendered":"\n<p><strong>LUNES D\u00cdA 20<\/strong><\/p>\n\n\n\n<p>8,30 H. CONVENTO<\/p>\n\n\n\n<p>20 H. TEMPLO<\/p>\n\n\n\n<p>Sufragio de: Ram\u00f3n, Joaquina e Hijas \u2013 Francisco L\u00f3pez Apar\u00edcio y Mar\u00eda Moreno Apar\u00edcio \u2013 Difuntos Familia Ib\u00e1\u00f1ez \u2013 Usach.<\/p>\n\n\n\n<p><strong>MARTES <\/strong><strong>D\u00cdA<\/strong><strong>21<\/strong><\/p>\n\n\n\n<p>8,30 H. CONVENTO<\/p>\n\n\n\n<p>20 H. TEMPLO<\/p>\n\n\n\n<p><strong>ANIVERSARIO FUNERAL DE GLORIA PAZ HERNAIZ GARC\u00cdA.<\/strong><\/p>\n\n\n\n<p><strong>MI\u00c9RCOLES D\u00cdA 22<\/strong><\/p>\n\n\n\n<p>8,30 H. CONVENTO.<\/p>\n\n\n\n<p>20 H. TEMPLO<\/p>\n\n\n\n<p>Por los Enfermos \u2013 Acci\u00f3n de Gracias a San Ant\u00f3n de F. L. &#8211; Acci\u00f3n de Gracias a San Enrique.<\/p>\n\n\n\n<p><strong>JUEVES D\u00cdA 23<\/strong><\/p>\n\n\n\n<p>8,30 H. CONVENTO.<\/p>\n\n\n\n<p>20 H. TEMPLO<\/p>\n\n\n\n<p>Sufragio de Paz y Paco \u2013 Difuntos Cofrad\u00eda Virgen de la Paz.<\/p>\n\n\n\n<p><strong>VIERNES D\u00cdA 24<\/strong><\/p>\n\n\n\n<p>8,30 H. CONVENTO.<\/p>\n\n\n\n<p>20 H. TEMPLO.<\/p>\n\n\n\n<p><strong>MISA FUNERAL HERMANOS VICENTE PORTER ESPINOSA Y ISABEL PORTER ESPINOSA.<\/strong><\/p>\n\n\n\n<p><strong>S\u00c1BADO D\u00cdA 25<\/strong><\/p>\n\n\n\n<p>8,30 H. CONVENTO.<\/p>\n\n\n\n<p>20 H. TEMPLO<\/p>\n\n\n\n<p>Sufragio de: Difuntos Familia Ponce Cervera \u2013 Difuntos de Paz \u2013 Acci\u00f3n de Gracias a Santa Ana y Santa Lucia \u2013 Victoriano, Amparo y Mauricio \u2013 Acci\u00f3n de Gracias a San Roque \u2013 Acci\u00f3n de Gracias a San Blas y San Pascual de M. M. &#8211; Fernando y Josefina e Hijo Jos\u00e9 Luis de Anita.<\/p>\n\n\n\n<p><strong>DOMINGO D\u00cdA 26<\/strong><\/p>\n\n\n\n<p>9 H. CONVENTO.<\/p>\n\n\n\n<p>10 H TEMPO<\/p>\n\n\n\n<p>Misa Pro-populo.<\/p>\n","protected":false},"excerpt":{"rendered":"<p>LUNES D\u00cdA 20 8,30 H. CONVENTO 20 H. TEMPLO Sufragio de: Ram\u00f3n, Joaquina e Hijas \u2013 Francisco L\u00f3pez Apar\u00edcio y Mar\u00eda Moreno Apar\u00edcio \u2013 Difuntos Familia Ib\u00e1\u00f1ez \u2013 Usach. MARTES D\u00cdA21 8,30 H. CONVENTO 20 H. TEMPLO ANIVERSARIO FUNERAL DE GLORIA PAZ HERNAIZ GARC\u00cdA. MI\u00c9RCOLES D\u00cdA 22 8,30 H. CONVENTO. 20 H. TEMPLO Por los Enfermos \u2013 Acci\u00f3n de Gracias&#8230;<\/p>\n<p> <a class=\"continue-reading-link\" href=\"https:\/\/iglesia-en-villar.es\/blog\/2020\/07\/18\/intenciones-de-misa-28\/\"><span>Leer m\u00e1s<\/span><i class=\"crycon-right-dir\"><\/i><\/a> <\/p>\n","protected":false},"author":53745,"featured_media":0,"comment_status":"open","ping_status":"open","sticky":false,"template":"","format":"standard","meta":{"inline_featured_image":false,"footnotes":""},"categories":[3],"tags":[],"class_list":["post-7747","post","type-post","status-publish","format-standard","hentry","category-intenciones"],"better_featured_image":null,"read":true,"_links":{"self":[{"href":"https:\/\/iglesia-en-villar.es\/blog\/wp-json\/wp\/v2\/posts\/7747","targetHints":{"allow":["GET"]}}],"collection":[{"href":"https:\/\/iglesia-en-villar.es\/blog\/wp-json\/wp\/v2\/posts"}],"about":[{"href":"https:\/\/iglesia-en-villar.es\/blog\/wp-json\/wp\/v2\/types\/post"}],"author":[{"embeddable":true,"href":"https:\/\/iglesia-en-villar.es\/blog\/wp-json\/wp\/v2\/users\/53745"}],"replies":[{"embeddable":true,"href":"https:\/\/iglesia-en-villar.es\/blog\/wp-json\/wp\/v2\/comments?post=7747"}],"version-history":[{"count":1,"href":"https:\/\/iglesia-en-villar.es\/blog\/wp-json\/wp\/v2\/posts\/7747\/revisions"}],"predecessor-version":[{"id":7748,"href":"https:\/\/iglesia-en-villar.es\/blog\/wp-json\/wp\/v2\/posts\/7747\/revisions\/7748"}],"wp:attachment":[{"href":"https:\/\/iglesia-en-villar.es\/blog\/wp-json\/wp\/v2\/media?parent=7747"}],"wp:term":[{"taxonomy":"category","embeddable":true,"href":"https:\/\/iglesia-en-villar.es\/blog\/wp-json\/wp\/v2\/categories?post=7747"},{"taxonomy":"post_tag","embeddable":true,"href":"https:\/\/iglesia-en-villar.es\/blog\/wp-json\/wp\/v2\/tags?post=7747"}],"curies":[{"name":"wp","href":"https:\/\/api.w.org\/{rel}","templated":true}]}}