{"id":7754,"date":"2020-07-18T11:26:44","date_gmt":"2020-07-18T10:26:44","guid":{"rendered":"https:\/\/iglesia-en-villar.es\/blog\/?p=7754"},"modified":"2020-07-18T11:26:47","modified_gmt":"2020-07-18T10:26:47","slug":"editorial-23","status":"publish","type":"post","link":"https:\/\/iglesia-en-villar.es\/blog\/2020\/07\/18\/editorial-23\/","title":{"rendered":"Editorial"},"content":{"rendered":"\n<h3 class=\"has-text-align-center wp-block-heading\"><strong>DE PAR\u00c1BOLAS Y PERICOPAS<\/strong><\/h3>\n\n\n\n<p>He buscado en el diccionario la palabra per\u00edcopa, para poder hablar con cierta propiedad, y su etimolog\u00eda para dejar de hacerlo. Una vez m\u00e1s, me dejo inclinar hacia este segundo movimiento y me quedo con peri-alrededor (del griego) y kope del verbo kopein (del griego tambi\u00e9n, cortar, golpear, romper y algunos otros etc\u00e9teras sem\u00e1nticos). Como de costumbre me parece m\u00e1s inspirador. Es como ir al origen de la forja, o sea de d\u00f3nde se forj\u00f3, se form\u00f3 una palabra. Y qu\u00e9 hay o puede haber detr\u00e1s de un significado espec\u00edfico. Hoy, en el evangelio, encontramos cuatro per\u00edcopas, dicen los t\u00e9cnicos de esto, y quiz\u00e1s la primera y la tercera son la que m\u00e1s me han resonado. Sonar, sonar, pues las cuatro, en realidad, porque son pasajes de todos conocidos y m\u00e1s que le\u00eddos y escuchados, pero como ni el ojo ni la oreja funcionan igual todos los d\u00edas, pues eso, hoy se han quedado alrededor y dando fuerte dos de ellas. La primera y la tercera de las par\u00e1bolas que nos cuenta Jes\u00fas.<\/p>\n\n\n\n<p>La prime, la del trigo y la ciza\u00f1a sembrados juntos. Se ve que era pr\u00e1ctica com\u00fan en aquel tiempo: el trigo para hacer pan y tortitas&#8230; y la ciza\u00f1a como combustible. En principio, nada sospechoso. Seguramente, lo que llame la atenci\u00f3n del relato, es la maniobra confundente de sembrarlos a la vez, y de ah\u00ed el ansia de los labriegos torpones por desbrozar el campo antes de hora, que contrasta con la calma y paciencia evang\u00e9licas de la espera de la identificaci\u00f3n por los frutos finales, y s\u00ed, entonces la criba. La tercera par\u00e1bola, es la de la levadura que fermenta la masa. Un poco de algo que hace un mucho de otra cosa. Efecto multiplicador propio de la naturaleza de algunas acciones.<\/p>\n\n\n\n<p>Y estar\u00e1n conmigo que esas dos analog\u00edas, met\u00e1foras, alegor\u00edas de la vida misma, son muy nutritivas para estar a vueltas con ellas esta semana. Ya saben, para tenerlas alrededor y dejar que nos golpeen un poco. Golpear, seguramente, es demasiado contundente. Prefiero lo que dicen en mi pueblo, sacsar, o sea agitar una cosa movi\u00e9ndola alternativamente en dos direcciones opuestas, por ejemplo, lo que hacemos con las jud\u00edas en un estofado para evitar que se queden pegadas unas a otras&#8230; Pues eso. Un mene\u00edto, paqu\u00ed y pall\u00e1. Y la cosa se despega. En nosotros tambi\u00e9n hay muchas cosas demasiado pegadas al alma y a las costumbres: los prejuicios, la impaciencia, la poca fe, la soberbia, la envidia, la furia, la maledicencia, la prepotencia, la avaricia, el consumismo, la pereza, la negligencia, la mezquindad, la sed de venganza, por ponernos en lo peor, pero que a veces nos atacan esos sentimientos. Y tambi\u00e9n a veces se nos pega el miedo, la preocupaci\u00f3n, la ansiedad, la ira, la tristeza, el dolor, la impotencia, la frustraci\u00f3n, la verg\u00fcenza, la falta de sentido, la humillaci\u00f3n, la apat\u00eda, la soledad que va en nuestro ADN emocional y del que no podemos renunciar o huir, solo educar en el mejor de los sentidos y modos.<\/p>\n\n\n\n<p>En nuestro ser, estar y hacer, el trigo y la ciza\u00f1a crecen juntos. Pero dan distintos frutos, posiblemente. Esa es la manera de reconocerlos para mejorar la pr\u00f3xima siembra y elegir bien las semillas que ponemos en nuestra tierra y que alimentamos con aguas y abonos varios, ya sean mentales, emocionales y relacionales. La cosa est\u00e1 en ir aprendiendo a distinguir si lo que sembramos con nuestras palabras y obras, nos da para hacer pan y tortitas o nos da un follaje apto para la combusti\u00f3n (ira, impaciencia, violencia, no respeto&#8230; etc.) que nos queme la piel, la lengua y el alma, y la de los dem\u00e1s si est\u00e1n cerquita.<\/p>\n\n\n\n<p>Miremos la humilde levadura, que en peque\u00f1as cantidades celebra un efecto aumentativo y fertilizador, y convierte lo que toca en algo esponjoso y delicioso. Ah\u00ed es nada. Feliz semana de calor, seguro.<\/p>\n\n\n\n<p class=\"has-text-align-right\"><strong>Ra\u00fal Garc\u00eda Ad\u00e1n<\/strong><\/p>\n\n\n","protected":false},"excerpt":{"rendered":"<p>DE PAR\u00c1BOLAS Y PERICOPAS He buscado en el diccionario la palabra per\u00edcopa, para poder hablar con cierta propiedad, y su etimolog\u00eda para dejar de hacerlo. Una vez m\u00e1s, me dejo inclinar hacia este segundo movimiento y me quedo con peri-alrededor (del griego) y kope del verbo kopein (del griego tambi\u00e9n, cortar, golpear, romper y algunos otros etc\u00e9teras sem\u00e1nticos). Como de&#8230;<\/p>\n<p> <a class=\"continue-reading-link\" href=\"https:\/\/iglesia-en-villar.es\/blog\/2020\/07\/18\/editorial-23\/\"><span>Leer m\u00e1s<\/span><i class=\"crycon-right-dir\"><\/i><\/a> <\/p>\n","protected":false},"author":53745,"featured_media":7753,"comment_status":"open","ping_status":"open","sticky":false,"template":"","format":"standard","meta":{"inline_featured_image":false,"footnotes":""},"categories":[13],"tags":[],"class_list":["post-7754","post","type-post","status-publish","format-standard","has-post-thumbnail","hentry","category-editorial"],"better_featured_image":{"id":7753,"alt_text":"","caption":"","description":"","media_type":"image","media_details":{"width":303,"height":166,"file":"2020\/07\/Unknown-1.jpeg","sizes":{"medium":{"file":"Unknown-1-300x164.jpeg","width":300,"height":164,"mime-type":"image\/jpeg","source_url":"https:\/\/iglesia-en-villar.es\/blog\/wp-content\/uploads\/2020\/07\/Unknown-1-300x164.jpeg"},"thumbnail":{"file":"Unknown-1-150x150.jpeg","width":150,"height":150,"mime-type":"image\/jpeg","source_url":"https:\/\/iglesia-en-villar.es\/blog\/wp-content\/uploads\/2020\/07\/Unknown-1-150x150.jpeg"},"post-thumbnail":{"file":"Unknown-1-150x82.jpeg","width":150,"height":82,"mime-type":"image\/jpeg","source_url":"https:\/\/iglesia-en-villar.es\/blog\/wp-content\/uploads\/2020\/07\/Unknown-1-150x82.jpeg"},"custom":{"file":"Unknown-1-250x137.jpeg","width":250,"height":137,"mime-type":"image\/jpeg","source_url":"https:\/\/iglesia-en-villar.es\/blog\/wp-content\/uploads\/2020\/07\/Unknown-1-250x137.jpeg"}},"image_meta":{"aperture":"0","credit":"","camera":"","caption":"","created_timestamp":"0","copyright":"","focal_length":"0","iso":"0","shutter_speed":"0","title":"","orientation":"0","keywords":[]}},"post":null,"source_url":"https:\/\/iglesia-en-villar.es\/blog\/wp-content\/uploads\/2020\/07\/Unknown-1.jpeg"},"read":true,"_links":{"self":[{"href":"https:\/\/iglesia-en-villar.es\/blog\/wp-json\/wp\/v2\/posts\/7754","targetHints":{"allow":["GET"]}}],"collection":[{"href":"https:\/\/iglesia-en-villar.es\/blog\/wp-json\/wp\/v2\/posts"}],"about":[{"href":"https:\/\/iglesia-en-villar.es\/blog\/wp-json\/wp\/v2\/types\/post"}],"author":[{"embeddable":true,"href":"https:\/\/iglesia-en-villar.es\/blog\/wp-json\/wp\/v2\/users\/53745"}],"replies":[{"embeddable":true,"href":"https:\/\/iglesia-en-villar.es\/blog\/wp-json\/wp\/v2\/comments?post=7754"}],"version-history":[{"count":1,"href":"https:\/\/iglesia-en-villar.es\/blog\/wp-json\/wp\/v2\/posts\/7754\/revisions"}],"predecessor-version":[{"id":7755,"href":"https:\/\/iglesia-en-villar.es\/blog\/wp-json\/wp\/v2\/posts\/7754\/revisions\/7755"}],"wp:featuredmedia":[{"embeddable":true,"href":"https:\/\/iglesia-en-villar.es\/blog\/wp-json\/wp\/v2\/media\/7753"}],"wp:attachment":[{"href":"https:\/\/iglesia-en-villar.es\/blog\/wp-json\/wp\/v2\/media?parent=7754"}],"wp:term":[{"taxonomy":"category","embeddable":true,"href":"https:\/\/iglesia-en-villar.es\/blog\/wp-json\/wp\/v2\/categories?post=7754"},{"taxonomy":"post_tag","embeddable":true,"href":"https:\/\/iglesia-en-villar.es\/blog\/wp-json\/wp\/v2\/tags?post=7754"}],"curies":[{"name":"wp","href":"https:\/\/api.w.org\/{rel}","templated":true}]}}