{"id":7757,"date":"2020-07-24T21:54:39","date_gmt":"2020-07-24T20:54:39","guid":{"rendered":"https:\/\/iglesia-en-villar.es\/blog\/?p=7757"},"modified":"2020-07-24T21:57:42","modified_gmt":"2020-07-24T20:57:42","slug":"aviso","status":"publish","type":"post","link":"https:\/\/iglesia-en-villar.es\/blog\/2020\/07\/24\/aviso\/","title":{"rendered":"Aviso"},"content":{"rendered":"\n<p><\/p>\n\n\n\n<p class=\"has-text-align-center\"><strong>Enric Roig Vanaclocha, nuevo p\u00e1rroco de Villar del Arzobispo e Higueruelas.<\/strong><\/p>\n\n\n\n<p>Con gran alegr\u00eda os comunico que el Sr. Arzobispo me ha nombrado P\u00e1rroco de la parroquia de Ntra. Sra de la Paz, de Villar del Arzobispo y de Santa B\u00e1rbara de Higueruelas. Me pongo bajo la<\/p>\n\n\n\n<p>protecci\u00f3n maternal de Mar\u00eda, Reina de la Paz, para que pueda desempe\u00f1ar fielmente la tarea que la Iglesia me conf\u00eda. Un saludo, rezad por m\u00ed y por mi ministerio. Quique\u00bb.<\/p>\n","protected":false},"excerpt":{"rendered":"<p>Enric Roig Vanaclocha, nuevo p\u00e1rroco de Villar del Arzobispo e Higueruelas. Con gran alegr\u00eda os comunico que el Sr. Arzobispo me ha nombrado P\u00e1rroco de la parroquia de Ntra. Sra de la Paz, de Villar del Arzobispo y de Santa B\u00e1rbara de Higueruelas. Me pongo bajo la protecci\u00f3n maternal de Mar\u00eda, Reina de la Paz, para que pueda desempe\u00f1ar fielmente&#8230;<\/p>\n<p> <a class=\"continue-reading-link\" href=\"https:\/\/iglesia-en-villar.es\/blog\/2020\/07\/24\/aviso\/\"><span>Leer m\u00e1s<\/span><i class=\"crycon-right-dir\"><\/i><\/a> <\/p>\n","protected":false},"author":53745,"featured_media":7761,"comment_status":"open","ping_status":"open","sticky":false,"template":"","format":"standard","meta":{"inline_featured_image":false,"footnotes":""},"categories":[10],"tags":[],"class_list":["post-7757","post","type-post","status-publish","format-standard","has-post-thumbnail","hentry","category-avisos"],"better_featured_image":{"id":7761,"alt_text":"","caption":"","description":"","media_type":"image","media_details":{"width":486,"height":417,"file":"2020\/07\/quique.png","sizes":{"medium":{"file":"quique-300x257.png","width":300,"height":257,"mime-type":"image\/png","source_url":"https:\/\/iglesia-en-villar.es\/blog\/wp-content\/uploads\/2020\/07\/quique-300x257.png"},"thumbnail":{"file":"quique-150x150.png","width":150,"height":150,"mime-type":"image\/png","source_url":"https:\/\/iglesia-en-villar.es\/blog\/wp-content\/uploads\/2020\/07\/quique-150x150.png"},"post-thumbnail":{"file":"quique-150x129.png","width":150,"height":129,"mime-type":"image\/png","source_url":"https:\/\/iglesia-en-villar.es\/blog\/wp-content\/uploads\/2020\/07\/quique-150x129.png"},"header":{"file":"quique-486x230.png","width":486,"height":230,"mime-type":"image\/png","source_url":"https:\/\/iglesia-en-villar.es\/blog\/wp-content\/uploads\/2020\/07\/quique-486x230.png"},"columns":{"file":"quique-330x300.png","width":330,"height":300,"mime-type":"image\/png","source_url":"https:\/\/iglesia-en-villar.es\/blog\/wp-content\/uploads\/2020\/07\/quique-330x300.png"},"custom":{"file":"quique-250x215.png","width":250,"height":215,"mime-type":"image\/png","source_url":"https:\/\/iglesia-en-villar.es\/blog\/wp-content\/uploads\/2020\/07\/quique-250x215.png"}},"image_meta":{"aperture":"0","credit":"","camera":"","caption":"","created_timestamp":"0","copyright":"","focal_length":"0","iso":"0","shutter_speed":"0","title":"","orientation":"0","keywords":[]}},"post":null,"source_url":"https:\/\/iglesia-en-villar.es\/blog\/wp-content\/uploads\/2020\/07\/quique.png"},"read":true,"_links":{"self":[{"href":"https:\/\/iglesia-en-villar.es\/blog\/wp-json\/wp\/v2\/posts\/7757","targetHints":{"allow":["GET"]}}],"collection":[{"href":"https:\/\/iglesia-en-villar.es\/blog\/wp-json\/wp\/v2\/posts"}],"about":[{"href":"https:\/\/iglesia-en-villar.es\/blog\/wp-json\/wp\/v2\/types\/post"}],"author":[{"embeddable":true,"href":"https:\/\/iglesia-en-villar.es\/blog\/wp-json\/wp\/v2\/users\/53745"}],"replies":[{"embeddable":true,"href":"https:\/\/iglesia-en-villar.es\/blog\/wp-json\/wp\/v2\/comments?post=7757"}],"version-history":[{"count":2,"href":"https:\/\/iglesia-en-villar.es\/blog\/wp-json\/wp\/v2\/posts\/7757\/revisions"}],"predecessor-version":[{"id":7763,"href":"https:\/\/iglesia-en-villar.es\/blog\/wp-json\/wp\/v2\/posts\/7757\/revisions\/7763"}],"wp:featuredmedia":[{"embeddable":true,"href":"https:\/\/iglesia-en-villar.es\/blog\/wp-json\/wp\/v2\/media\/7761"}],"wp:attachment":[{"href":"https:\/\/iglesia-en-villar.es\/blog\/wp-json\/wp\/v2\/media?parent=7757"}],"wp:term":[{"taxonomy":"category","embeddable":true,"href":"https:\/\/iglesia-en-villar.es\/blog\/wp-json\/wp\/v2\/categories?post=7757"},{"taxonomy":"post_tag","embeddable":true,"href":"https:\/\/iglesia-en-villar.es\/blog\/wp-json\/wp\/v2\/tags?post=7757"}],"curies":[{"name":"wp","href":"https:\/\/api.w.org\/{rel}","templated":true}]}}