{"id":7766,"date":"2020-07-24T22:07:12","date_gmt":"2020-07-24T21:07:12","guid":{"rendered":"https:\/\/iglesia-en-villar.es\/blog\/?p=7766"},"modified":"2020-07-24T22:07:14","modified_gmt":"2020-07-24T21:07:14","slug":"intenciones-de-misa-29","status":"publish","type":"post","link":"https:\/\/iglesia-en-villar.es\/blog\/2020\/07\/24\/intenciones-de-misa-29\/","title":{"rendered":"Intenciones de Misa"},"content":{"rendered":"\n<p><strong>LUNES D\u00cdA 27<\/strong><\/p>\n\n\n\n<p>8,30 H. CONVENTO<\/p>\n\n\n\n<p>20 H. TEMPLO<\/p>\n\n\n\n<p>Acci\u00f3n de Gracias a Santa Rita de C. T.<\/p>\n\n\n\n<p><strong>MARTES <\/strong><strong>D\u00cdA<\/strong><strong>2<\/strong><strong>8<\/strong><\/p>\n\n\n\n<p>8,30 H. CONVENTO<\/p>\n\n\n\n<p>20 H. TEMPLO<\/p>\n\n\n\n<p><strong>ANIVERSARIO FUNERAL DE JOAQU\u00cdN DOMINGO CERVERA.<\/strong><\/p>\n\n\n\n<p><strong>MI\u00c9RCOLES D\u00cdA 29<\/strong><\/p>\n\n\n\n<p>8,30 H. CONVENTO.<\/p>\n\n\n\n<p>20 H. TEMPLO<\/p>\n\n\n\n<p>Por los Enfermos.<\/p>\n\n\n\n<p><strong>JUEVES D\u00cdA 30<\/strong><\/p>\n\n\n\n<p>8,30 H. CONVENTO.<\/p>\n\n\n\n<p>20 H. TEMPLO<\/p>\n\n\n\n<p>Sufragio de: Padre Jos\u00e9 M\u00ednguez Tortajada \u2013 Josefina Moreno.<\/p>\n\n\n\n<p><strong>VIERNES D\u00cdA 31<\/strong><\/p>\n\n\n\n<p>8,30 H. CONVENTO.<\/p>\n\n\n\n<p>20 H. TEMPLO.<\/p>\n\n\n\n<p>Sufragio de Jos\u00e9 Tortajada y Manuela Ant\u00f3n \u2013 Acci\u00f3n de Gracias a la Virgen de la Paz.<\/p>\n\n\n\n<p><strong>S\u00c1BADO D\u00cdA 1<\/strong><\/p>\n\n\n\n<p>8,30 H. CONVENTO.<\/p>\n\n\n\n<p>20 H. TEMPLO<\/p>\n\n\n\n<p>Sufragio de: Luis Apar\u00edcio Ib\u00e1\u00f1ez \u2013 Acci\u00f3n de Gracias a la Virgen de F\u00e1tima de C. T.<\/p>\n\n\n\n<p><strong>DOMINGO D\u00cdA 2<\/strong><\/p>\n\n\n\n<p>9 H. CONVENTO.<\/p>\n\n\n\n<p>10 H TEMPO<\/p>\n\n\n\n<p>Misa Pro-populo.<\/p>\n","protected":false},"excerpt":{"rendered":"<p>LUNES D\u00cdA 27 8,30 H. CONVENTO 20 H. TEMPLO Acci\u00f3n de Gracias a Santa Rita de C. T. MARTES D\u00cdA28 8,30 H. CONVENTO 20 H. TEMPLO ANIVERSARIO FUNERAL DE JOAQU\u00cdN DOMINGO CERVERA. MI\u00c9RCOLES D\u00cdA 29 8,30 H. CONVENTO. 20 H. TEMPLO Por los Enfermos. JUEVES D\u00cdA 30 8,30 H. CONVENTO. 20 H. TEMPLO Sufragio de: Padre Jos\u00e9 M\u00ednguez Tortajada \u2013&#8230;<\/p>\n<p> <a class=\"continue-reading-link\" href=\"https:\/\/iglesia-en-villar.es\/blog\/2020\/07\/24\/intenciones-de-misa-29\/\"><span>Leer m\u00e1s<\/span><i class=\"crycon-right-dir\"><\/i><\/a> <\/p>\n","protected":false},"author":53745,"featured_media":0,"comment_status":"open","ping_status":"open","sticky":false,"template":"","format":"standard","meta":{"inline_featured_image":false,"footnotes":""},"categories":[3],"tags":[],"class_list":["post-7766","post","type-post","status-publish","format-standard","hentry","category-intenciones"],"better_featured_image":null,"read":true,"_links":{"self":[{"href":"https:\/\/iglesia-en-villar.es\/blog\/wp-json\/wp\/v2\/posts\/7766","targetHints":{"allow":["GET"]}}],"collection":[{"href":"https:\/\/iglesia-en-villar.es\/blog\/wp-json\/wp\/v2\/posts"}],"about":[{"href":"https:\/\/iglesia-en-villar.es\/blog\/wp-json\/wp\/v2\/types\/post"}],"author":[{"embeddable":true,"href":"https:\/\/iglesia-en-villar.es\/blog\/wp-json\/wp\/v2\/users\/53745"}],"replies":[{"embeddable":true,"href":"https:\/\/iglesia-en-villar.es\/blog\/wp-json\/wp\/v2\/comments?post=7766"}],"version-history":[{"count":1,"href":"https:\/\/iglesia-en-villar.es\/blog\/wp-json\/wp\/v2\/posts\/7766\/revisions"}],"predecessor-version":[{"id":7767,"href":"https:\/\/iglesia-en-villar.es\/blog\/wp-json\/wp\/v2\/posts\/7766\/revisions\/7767"}],"wp:attachment":[{"href":"https:\/\/iglesia-en-villar.es\/blog\/wp-json\/wp\/v2\/media?parent=7766"}],"wp:term":[{"taxonomy":"category","embeddable":true,"href":"https:\/\/iglesia-en-villar.es\/blog\/wp-json\/wp\/v2\/categories?post=7766"},{"taxonomy":"post_tag","embeddable":true,"href":"https:\/\/iglesia-en-villar.es\/blog\/wp-json\/wp\/v2\/tags?post=7766"}],"curies":[{"name":"wp","href":"https:\/\/api.w.org\/{rel}","templated":true}]}}