{"id":7802,"date":"2020-08-17T08:19:18","date_gmt":"2020-08-17T07:19:18","guid":{"rendered":"https:\/\/iglesia-en-villar.es\/blog\/?p=7802"},"modified":"2020-08-17T08:19:20","modified_gmt":"2020-08-17T07:19:20","slug":"rincon-carmelitano-34","status":"publish","type":"post","link":"https:\/\/iglesia-en-villar.es\/blog\/2020\/08\/17\/rincon-carmelitano-34\/","title":{"rendered":"Rinc\u00f3n Carmelitano"},"content":{"rendered":"\n<p class=\"has-text-align-center\"><strong>LA ASUNCI\u00d3N DE MAR\u00cdA<\/strong><\/p>\n\n\n\n<p>Celebramos, como ya muy bien sab\u00e9is, la Asunci\u00f3n de Mar\u00eda en cuerpo y alma a los cielos. Es la titular de nuestra Parroquia. Por eso la celebramos de manera especial, aunque este a\u00f1o todo ser\u00e1 muy sobrio, como ya explic\u00f3 don Raul.<\/p>\n\n\n\n<p>Es la fiesta de la Madre. Una Madre inmensamente sol\u00edcita de nuestro bien. Quiere y puede ayudarnos, y&#8230;\u00a1lo necesitamos tanto el que m\u00e1s y el que menos!. El a\u00f1o lit\u00fargico est\u00e1 entreverado de fiestas de la Virgen para que no se nos olvide. La Asunci\u00f3n es la culminaci\u00f3n de la vida de Mar\u00eda: est\u00e1 en el cielo en cuerpo y alma. Ese cuerpo que engendr\u00f3, aliment\u00f3, visti\u00f3, acaricio a Jes\u00fas. A nosotros no nos quiere menos que a El, pues somos, como dice san Pablo \u00abel cuerpo de Cristo\u00bb. Quiere hacer con cada uno lo que hizo con El, si nos prestamos a ello. Nos quiere ense\u00f1ar, cuidar, curar, consolar; todo lo que necesitamos en nuestra fragilidad; \u00a1que no har\u00e1 por nosotros si le tendemos los brazos con confianza total!<\/p>\n\n\n\n<p>Santa Teresita qued\u00f3 hu\u00e9rfana de madre a los 4 a\u00f1os, entonces tom\u00f3 por madre a su hermana Paulina, pero esta se fue al Carmelo dejando a Teresa nuevamente hu\u00e9rfana a sus 10 a\u00f1os. El siquismo de Teresa no lo pudo soportar y se le apoder\u00f3 una enfermedad nerviosa que le privaba del uso de la raz\u00f3n. Su familia or\u00f3 intensamente a la Virgen. Teresita fij\u00f3 su mirada en una imagen de Ella, y Mar\u00eda le sonri\u00f3 con su inmenso amor de Madre. Esto bast\u00f3 para curar a la ni\u00f1a. La doble herida de su horfandad, qued\u00f3 instant\u00e1neamente sanada por esa sonrisa materna.<\/p>\n\n\n\n<p>Cuando nos sintamos mal, seguramente puede aliviarnos ponernos ante una imagen de Mar\u00eda y creer que a nosotros tambi\u00e9n nos sonr\u00ede, aunque no lo percibamos con los sentidos; y con esa sonrisa nos dice\u00bb\u00a1\u00e1nimo, yo soy tu madre y estoy contigo!<\/p>\n\n\n\n<p>\u00a1\u00a1\u00a1FELICES FIESTAS!!!<\/p>\n\n\n\n<p class=\"has-text-align-right\"><strong>Hermanas Carmelitas<\/strong><\/p>\n","protected":false},"excerpt":{"rendered":"<p>LA ASUNCI\u00d3N DE MAR\u00cdA Celebramos, como ya muy bien sab\u00e9is, la Asunci\u00f3n de Mar\u00eda en cuerpo y alma a los cielos. Es la titular de nuestra Parroquia. Por eso la celebramos de manera especial, aunque este a\u00f1o todo ser\u00e1 muy sobrio, como ya explic\u00f3 don Raul. Es la fiesta de la Madre. Una Madre inmensamente sol\u00edcita de nuestro bien. Quiere&#8230;<\/p>\n<p> <a class=\"continue-reading-link\" href=\"https:\/\/iglesia-en-villar.es\/blog\/2020\/08\/17\/rincon-carmelitano-34\/\"><span>Leer m\u00e1s<\/span><i class=\"crycon-right-dir\"><\/i><\/a> <\/p>\n","protected":false},"author":53745,"featured_media":0,"comment_status":"open","ping_status":"open","sticky":false,"template":"","format":"standard","meta":{"inline_featured_image":false,"footnotes":""},"categories":[5],"tags":[],"class_list":["post-7802","post","type-post","status-publish","format-standard","hentry","category-monasterio"],"better_featured_image":null,"read":true,"_links":{"self":[{"href":"https:\/\/iglesia-en-villar.es\/blog\/wp-json\/wp\/v2\/posts\/7802","targetHints":{"allow":["GET"]}}],"collection":[{"href":"https:\/\/iglesia-en-villar.es\/blog\/wp-json\/wp\/v2\/posts"}],"about":[{"href":"https:\/\/iglesia-en-villar.es\/blog\/wp-json\/wp\/v2\/types\/post"}],"author":[{"embeddable":true,"href":"https:\/\/iglesia-en-villar.es\/blog\/wp-json\/wp\/v2\/users\/53745"}],"replies":[{"embeddable":true,"href":"https:\/\/iglesia-en-villar.es\/blog\/wp-json\/wp\/v2\/comments?post=7802"}],"version-history":[{"count":1,"href":"https:\/\/iglesia-en-villar.es\/blog\/wp-json\/wp\/v2\/posts\/7802\/revisions"}],"predecessor-version":[{"id":7803,"href":"https:\/\/iglesia-en-villar.es\/blog\/wp-json\/wp\/v2\/posts\/7802\/revisions\/7803"}],"wp:attachment":[{"href":"https:\/\/iglesia-en-villar.es\/blog\/wp-json\/wp\/v2\/media?parent=7802"}],"wp:term":[{"taxonomy":"category","embeddable":true,"href":"https:\/\/iglesia-en-villar.es\/blog\/wp-json\/wp\/v2\/categories?post=7802"},{"taxonomy":"post_tag","embeddable":true,"href":"https:\/\/iglesia-en-villar.es\/blog\/wp-json\/wp\/v2\/tags?post=7802"}],"curies":[{"name":"wp","href":"https:\/\/api.w.org\/{rel}","templated":true}]}}