{"id":7810,"date":"2020-08-21T10:09:52","date_gmt":"2020-08-21T09:09:52","guid":{"rendered":"https:\/\/iglesia-en-villar.es\/blog\/?p=7810"},"modified":"2020-08-21T10:09:54","modified_gmt":"2020-08-21T09:09:54","slug":"avisos-26","status":"publish","type":"post","link":"https:\/\/iglesia-en-villar.es\/blog\/2020\/08\/21\/avisos-26\/","title":{"rendered":"Avisos"},"content":{"rendered":"\n<p class=\"has-text-align-center\"><strong>AMONESTACI\u00d3N<\/strong><\/p>\n\n\n\n<p>Se pone en conocimiento que Don Catalin Lucian Tantan, hijo de Liviu y de Liliana, feligr\u00e9s de la Parroquia Nuestra Se\u00f1ora de la Paz de Villar del Arzobispo, recibir\u00e1 el sagrado orden de diaconado el pr\u00f3ximo d\u00eda 19 de Septiembre del 2020<\/p>\n\n\n\n<p class=\"has-text-align-center\"><strong>EUCARIST\u00cdA TOMA DE POSESI\u00d3N DEL NUEVO P\u00c1RROCO<\/strong><\/p>\n\n\n\n<p class=\"has-text-align-center\"><strong>D. ENRIC ROIG VANACLOCHA<\/strong><\/p>\n\n\n\n<p>El viernes 28 a las 19:30 horas ser\u00e1 la misa de toma de posesi\u00f3n de nuestro nuevo p\u00e1rroco D. Enric Roig Vanaclocha, debido a las circunstancias sanitarias, el aforo del templo parroquial se ve disminuido en su capacidad, por lo que la misa de despedida ser\u00e1 emitida en directo por las televisiones locales, Teniendo en cuenta que recibiremos a feligreses de su pueblo y de su parroquia, solo se podr\u00e1 acceder al templo parroquial con invitaci\u00f3n expresa.<\/p>\n\n\n","protected":false},"excerpt":{"rendered":"<p>AMONESTACI\u00d3N Se pone en conocimiento que Don Catalin Lucian Tantan, hijo de Liviu y de Liliana, feligr\u00e9s de la Parroquia Nuestra Se\u00f1ora de la Paz de Villar del Arzobispo, recibir\u00e1 el sagrado orden de diaconado el pr\u00f3ximo d\u00eda 19 de Septiembre del 2020 EUCARIST\u00cdA TOMA DE POSESI\u00d3N DEL NUEVO P\u00c1RROCO D. ENRIC ROIG VANACLOCHA El viernes 28 a las 19:30&#8230;<\/p>\n<p> <a class=\"continue-reading-link\" href=\"https:\/\/iglesia-en-villar.es\/blog\/2020\/08\/21\/avisos-26\/\"><span>Leer m\u00e1s<\/span><i class=\"crycon-right-dir\"><\/i><\/a> <\/p>\n","protected":false},"author":53745,"featured_media":0,"comment_status":"open","ping_status":"open","sticky":false,"template":"","format":"standard","meta":{"inline_featured_image":false,"footnotes":""},"categories":[10],"tags":[],"class_list":["post-7810","post","type-post","status-publish","format-standard","hentry","category-avisos"],"better_featured_image":null,"read":true,"_links":{"self":[{"href":"https:\/\/iglesia-en-villar.es\/blog\/wp-json\/wp\/v2\/posts\/7810","targetHints":{"allow":["GET"]}}],"collection":[{"href":"https:\/\/iglesia-en-villar.es\/blog\/wp-json\/wp\/v2\/posts"}],"about":[{"href":"https:\/\/iglesia-en-villar.es\/blog\/wp-json\/wp\/v2\/types\/post"}],"author":[{"embeddable":true,"href":"https:\/\/iglesia-en-villar.es\/blog\/wp-json\/wp\/v2\/users\/53745"}],"replies":[{"embeddable":true,"href":"https:\/\/iglesia-en-villar.es\/blog\/wp-json\/wp\/v2\/comments?post=7810"}],"version-history":[{"count":1,"href":"https:\/\/iglesia-en-villar.es\/blog\/wp-json\/wp\/v2\/posts\/7810\/revisions"}],"predecessor-version":[{"id":7811,"href":"https:\/\/iglesia-en-villar.es\/blog\/wp-json\/wp\/v2\/posts\/7810\/revisions\/7811"}],"wp:attachment":[{"href":"https:\/\/iglesia-en-villar.es\/blog\/wp-json\/wp\/v2\/media?parent=7810"}],"wp:term":[{"taxonomy":"category","embeddable":true,"href":"https:\/\/iglesia-en-villar.es\/blog\/wp-json\/wp\/v2\/categories?post=7810"},{"taxonomy":"post_tag","embeddable":true,"href":"https:\/\/iglesia-en-villar.es\/blog\/wp-json\/wp\/v2\/tags?post=7810"}],"curies":[{"name":"wp","href":"https:\/\/api.w.org\/{rel}","templated":true}]}}