{"id":7825,"date":"2020-08-30T16:52:43","date_gmt":"2020-08-30T15:52:43","guid":{"rendered":"https:\/\/iglesia-en-villar.es\/blog\/?p=7825"},"modified":"2020-08-30T16:52:45","modified_gmt":"2020-08-30T15:52:45","slug":"intenciones-de-misa-32","status":"publish","type":"post","link":"https:\/\/iglesia-en-villar.es\/blog\/2020\/08\/30\/intenciones-de-misa-32\/","title":{"rendered":"Intenciones de Misa"},"content":{"rendered":"\n<p><strong>LUNES D\u00cdA 31<\/strong><\/p>\n\n\n\n<p>8,30 H. CONVENTO<\/p>\n\n\n\n<p>19 H. TEMPLO<\/p>\n\n\n\n<p>Por los Enfermos.<\/p>\n\n\n\n<p><strong>MARTES <\/strong><strong>D\u00cdA<\/strong><strong>1<\/strong><\/p>\n\n\n\n<p>8,30 H. CONVENTO<\/p>\n\n\n\n<p>19 H. TEMPLO<\/p>\n\n\n\n<p><strong>ANIVERSARIO FUNERAL ARMANDO MART\u00cdNEZ MONT\u00d3N.<\/strong><\/p>\n\n\n\n<p>MI\u00c9RCOLES D\u00cdA 2<\/p>\n\n\n\n<p>8,30 H. CONVENTO.<\/p>\n\n\n\n<p>19 H. TEMPLO<\/p>\n\n\n\n<p>Sufragio de \u00c1ngeles Palomar Ib\u00e1\u00f1ez.<\/p>\n\n\n\n<p><strong>JUEVES D\u00cdA 3<\/strong><\/p>\n\n\n\n<p>8,30 H. CONVENTO.<\/p>\n\n\n\n<p>19 H. TEMPLO<\/p>\n\n\n\n<p>A San Roque de una devota.<\/p>\n\n\n\n<p><strong>VIERNES D\u00cdA 4<\/strong><\/p>\n\n\n\n<p>8,30 H. CONVENTO.<\/p>\n\n\n\n<p>19 H. TEMPLO.<\/p>\n\n\n\n<p>Sufragio Difuntos L\u00f3pez Cervera \u2013 Al Coraz\u00f3n de Jes\u00fas de la Junta.<\/p>\n\n\n\n<p><strong>S\u00c1BADO D\u00cdA 5<\/strong><\/p>\n\n\n\n<p>8,30 H. CONVENTO.<\/p>\n\n\n\n<p>19 H. TEMPLO<\/p>\n\n\n\n<p>Sufragio de: Manolita Tortajada y Padres \u2013 Matrimonio Carmen Porta y Manuel Apar\u00edcio \u2013 Paz Tortajada M\u00ednguez.<\/p>\n\n\n\n<p><strong>DOMINGO D\u00cdA 6<\/strong><\/p>\n\n\n\n<p>9 H. CONVENTO.<\/p>\n\n\n\n<p>10 H TEMPLO<\/p>\n\n\n\n<p>Misa Pro-populo.<\/p>\n\n\n\n<p>12 H. TEMPLO<\/p>\n\n\n\n<p>Misa de <strong>PRIMERA COMUNIONES<\/strong><\/p>\n","protected":false},"excerpt":{"rendered":"<p>LUNES D\u00cdA 31 8,30 H. CONVENTO 19 H. TEMPLO Por los Enfermos. MARTES D\u00cdA1 8,30 H. CONVENTO 19 H. TEMPLO ANIVERSARIO FUNERAL ARMANDO MART\u00cdNEZ MONT\u00d3N. MI\u00c9RCOLES D\u00cdA 2 8,30 H. CONVENTO. 19 H. TEMPLO Sufragio de \u00c1ngeles Palomar Ib\u00e1\u00f1ez. JUEVES D\u00cdA 3 8,30 H. CONVENTO. 19 H. TEMPLO A San Roque de una devota. VIERNES D\u00cdA 4 8,30 H. CONVENTO&#8230;.<\/p>\n<p> <a class=\"continue-reading-link\" href=\"https:\/\/iglesia-en-villar.es\/blog\/2020\/08\/30\/intenciones-de-misa-32\/\"><span>Leer m\u00e1s<\/span><i class=\"crycon-right-dir\"><\/i><\/a> <\/p>\n","protected":false},"author":53745,"featured_media":0,"comment_status":"open","ping_status":"open","sticky":false,"template":"","format":"standard","meta":{"inline_featured_image":false,"footnotes":""},"categories":[3],"tags":[],"class_list":["post-7825","post","type-post","status-publish","format-standard","hentry","category-intenciones"],"better_featured_image":null,"read":true,"_links":{"self":[{"href":"https:\/\/iglesia-en-villar.es\/blog\/wp-json\/wp\/v2\/posts\/7825","targetHints":{"allow":["GET"]}}],"collection":[{"href":"https:\/\/iglesia-en-villar.es\/blog\/wp-json\/wp\/v2\/posts"}],"about":[{"href":"https:\/\/iglesia-en-villar.es\/blog\/wp-json\/wp\/v2\/types\/post"}],"author":[{"embeddable":true,"href":"https:\/\/iglesia-en-villar.es\/blog\/wp-json\/wp\/v2\/users\/53745"}],"replies":[{"embeddable":true,"href":"https:\/\/iglesia-en-villar.es\/blog\/wp-json\/wp\/v2\/comments?post=7825"}],"version-history":[{"count":1,"href":"https:\/\/iglesia-en-villar.es\/blog\/wp-json\/wp\/v2\/posts\/7825\/revisions"}],"predecessor-version":[{"id":7826,"href":"https:\/\/iglesia-en-villar.es\/blog\/wp-json\/wp\/v2\/posts\/7825\/revisions\/7826"}],"wp:attachment":[{"href":"https:\/\/iglesia-en-villar.es\/blog\/wp-json\/wp\/v2\/media?parent=7825"}],"wp:term":[{"taxonomy":"category","embeddable":true,"href":"https:\/\/iglesia-en-villar.es\/blog\/wp-json\/wp\/v2\/categories?post=7825"},{"taxonomy":"post_tag","embeddable":true,"href":"https:\/\/iglesia-en-villar.es\/blog\/wp-json\/wp\/v2\/tags?post=7825"}],"curies":[{"name":"wp","href":"https:\/\/api.w.org\/{rel}","templated":true}]}}