{"id":7834,"date":"2020-09-05T22:19:17","date_gmt":"2020-09-05T21:19:17","guid":{"rendered":"https:\/\/iglesia-en-villar.es\/blog\/?p=7834"},"modified":"2020-09-05T22:19:18","modified_gmt":"2020-09-05T21:19:18","slug":"avisos-28","status":"publish","type":"post","link":"https:\/\/iglesia-en-villar.es\/blog\/2020\/09\/05\/avisos-28\/","title":{"rendered":"Avisos"},"content":{"rendered":"\n<p class=\"has-text-align-center\"><strong>PRIMERAS COMUNIONES 2020<\/strong><\/p>\n\n\n\n<p>El domingo d\u00eda 6, a las 12 horas ser\u00e1 la misa de Primeras Comuniones 2020, debido a las circunstancias sanitarias, el aforo del templo parroquial se ve disminuido en su capacidad, por lo que la misa ser\u00e1 emitida en directo por las televisiones locales, Teniendo en cuenta la asistencia de familiares de los ni\u00f1os y ni\u00f1as que van a recibirla, solo se podr\u00e1 acceder al templo parroquial con invitaci\u00f3n expresa.<\/p>\n\n\n\n<p class=\"has-text-align-center\"><strong>REZO DE LAUDES Y V<\/strong>\u00cdSPERAS.<\/p>\n\n\n\n<p>A partir del pr\u00f3ximo Lunes se reemprenden los rezos de Laudes a las 10,30 horas y el rezo de V\u00edsperas antes de la misa de la Tarde.<\/p>\n\n\n\n<p class=\"has-text-align-center\"><strong>CAPILLAS V\u00cdRGENES<\/strong><\/p>\n\n\n\n<p>Se ruega a quien el d\u00eda 10 de Septiembre tenga en casa la capilla de la Virgen de la Paz o La Milagrosa las traigan al despacho Parroquial.<\/p>\n","protected":false},"excerpt":{"rendered":"<p>PRIMERAS COMUNIONES 2020 El domingo d\u00eda 6, a las 12 horas ser\u00e1 la misa de Primeras Comuniones 2020, debido a las circunstancias sanitarias, el aforo del templo parroquial se ve disminuido en su capacidad, por lo que la misa ser\u00e1 emitida en directo por las televisiones locales, Teniendo en cuenta la asistencia de familiares de los ni\u00f1os y ni\u00f1as que&#8230;<\/p>\n<p> <a class=\"continue-reading-link\" href=\"https:\/\/iglesia-en-villar.es\/blog\/2020\/09\/05\/avisos-28\/\"><span>Leer m\u00e1s<\/span><i class=\"crycon-right-dir\"><\/i><\/a> <\/p>\n","protected":false},"author":53745,"featured_media":0,"comment_status":"open","ping_status":"open","sticky":false,"template":"","format":"standard","meta":{"inline_featured_image":false,"footnotes":""},"categories":[10],"tags":[],"class_list":["post-7834","post","type-post","status-publish","format-standard","hentry","category-avisos"],"better_featured_image":null,"read":true,"_links":{"self":[{"href":"https:\/\/iglesia-en-villar.es\/blog\/wp-json\/wp\/v2\/posts\/7834","targetHints":{"allow":["GET"]}}],"collection":[{"href":"https:\/\/iglesia-en-villar.es\/blog\/wp-json\/wp\/v2\/posts"}],"about":[{"href":"https:\/\/iglesia-en-villar.es\/blog\/wp-json\/wp\/v2\/types\/post"}],"author":[{"embeddable":true,"href":"https:\/\/iglesia-en-villar.es\/blog\/wp-json\/wp\/v2\/users\/53745"}],"replies":[{"embeddable":true,"href":"https:\/\/iglesia-en-villar.es\/blog\/wp-json\/wp\/v2\/comments?post=7834"}],"version-history":[{"count":1,"href":"https:\/\/iglesia-en-villar.es\/blog\/wp-json\/wp\/v2\/posts\/7834\/revisions"}],"predecessor-version":[{"id":7835,"href":"https:\/\/iglesia-en-villar.es\/blog\/wp-json\/wp\/v2\/posts\/7834\/revisions\/7835"}],"wp:attachment":[{"href":"https:\/\/iglesia-en-villar.es\/blog\/wp-json\/wp\/v2\/media?parent=7834"}],"wp:term":[{"taxonomy":"category","embeddable":true,"href":"https:\/\/iglesia-en-villar.es\/blog\/wp-json\/wp\/v2\/categories?post=7834"},{"taxonomy":"post_tag","embeddable":true,"href":"https:\/\/iglesia-en-villar.es\/blog\/wp-json\/wp\/v2\/tags?post=7834"}],"curies":[{"name":"wp","href":"https:\/\/api.w.org\/{rel}","templated":true}]}}