{"id":7838,"date":"2020-09-05T22:25:09","date_gmt":"2020-09-05T21:25:09","guid":{"rendered":"https:\/\/iglesia-en-villar.es\/blog\/?p=7838"},"modified":"2020-09-05T22:25:11","modified_gmt":"2020-09-05T21:25:11","slug":"rincon-carmelitano-37","status":"publish","type":"post","link":"https:\/\/iglesia-en-villar.es\/blog\/2020\/09\/05\/rincon-carmelitano-37\/","title":{"rendered":"Rinc\u00f3n Carmelitano"},"content":{"rendered":"\n<p class=\"has-text-align-center\"><strong>PRIMERAS COMUNIONES<\/strong><\/p>\n\n\n\n<p>Este domingo la comunidad parroquial est\u00e1 de fiesta por la primera Comuni\u00f3n de algunos de nuestros ni\u00f1os.<\/p>\n\n\n\n<p>Recordamos la evocaci\u00f3n que hace santa Teresita de su primera Comuni\u00f3n:<\/p>\n\n\n\n<p>\u00ab\u00a1Ah! Qu\u00e9 dulce fue el primer beso de Jes\u00fas a mi alma. Fue un beso de amor, me sent\u00eda amada, y dec\u00eda a mi vez: \u00abOs amo, me entrego a Vos para siempre\u00bb.<\/p>\n\n\n\n<p>No hubo ni peticiones, ni luchas, ni sacrificios. Desde hac\u00eda mucho tiempo Jes\u00fas y la pobre Teresita se hab\u00edan mirado y se hab\u00edan comprendido&#8230; Aquel d\u00eda no era ya una mirada, sino una fusi\u00f3n. Ya no eran dos. Teresa hab\u00eda desaparecido, como la gota de agua que se pierde en el seno del oc\u00e9ano. S\u00f3lo quedaba Jes\u00fas, \u00c9l era el due\u00f1o, el rey.<\/p>\n\n\n\n<p>Era demasiado grande su alegr\u00eda, demasiado profunda para poder contenerla. Deliciosas l\u00e1grimas la inundaron pronto, con gran asombro de sus compa\u00f1eras, que se dec\u00edan m\u00e1s tarde unas a otras: \u00bfpor qu\u00e9 ha llorado? \u00bfHab\u00eda algo que le disgustaba? \u00bfNo ser\u00eda por no ver junto a s\u00ed a su madre, o a su hermana la carmelita a quien tanto ama?\u00bb No comprend\u00edan que viniendo a mi coraz\u00f3n toda la alegr\u00eda del cielo, este coraz\u00f3n desterrado no pod\u00eda soportarla sin derramar l\u00e1grimas&#8230;\u00bb<\/p>\n\n\n\n<p>\u00a1Qu\u00e9 bueno ser\u00eda si cada comuni\u00f3n fuera para nosotros como una primera Comuni\u00f3n, en la que tom\u00e1ramos conciencia de que viene a nosotros \u00abtoda la alegr\u00eda del cielo\u00bb y esto nos ayudara a sobrellevar con paz la peque\u00f1a o gran cruz de cada d\u00eda!<\/p>\n\n\n\n<p>Deseamos a nuestros comulgantes que esta primera Comuni\u00f3n sea el inicio de una verdadera amistad con Jes\u00fas.<\/p>\n\n\n\n<p class=\"has-text-align-right\"><strong>Hermanas Carmelitas<\/strong><\/p>\n","protected":false},"excerpt":{"rendered":"<p>PRIMERAS COMUNIONES Este domingo la comunidad parroquial est\u00e1 de fiesta por la primera Comuni\u00f3n de algunos de nuestros ni\u00f1os. Recordamos la evocaci\u00f3n que hace santa Teresita de su primera Comuni\u00f3n: \u00ab\u00a1Ah! Qu\u00e9 dulce fue el primer beso de Jes\u00fas a mi alma. Fue un beso de amor, me sent\u00eda amada, y dec\u00eda a mi vez: \u00abOs amo, me entrego a&#8230;<\/p>\n<p> <a class=\"continue-reading-link\" href=\"https:\/\/iglesia-en-villar.es\/blog\/2020\/09\/05\/rincon-carmelitano-37\/\"><span>Leer m\u00e1s<\/span><i class=\"crycon-right-dir\"><\/i><\/a> <\/p>\n","protected":false},"author":53745,"featured_media":0,"comment_status":"open","ping_status":"open","sticky":false,"template":"","format":"standard","meta":{"inline_featured_image":false,"footnotes":""},"categories":[5],"tags":[],"class_list":["post-7838","post","type-post","status-publish","format-standard","hentry","category-monasterio"],"better_featured_image":null,"read":true,"_links":{"self":[{"href":"https:\/\/iglesia-en-villar.es\/blog\/wp-json\/wp\/v2\/posts\/7838","targetHints":{"allow":["GET"]}}],"collection":[{"href":"https:\/\/iglesia-en-villar.es\/blog\/wp-json\/wp\/v2\/posts"}],"about":[{"href":"https:\/\/iglesia-en-villar.es\/blog\/wp-json\/wp\/v2\/types\/post"}],"author":[{"embeddable":true,"href":"https:\/\/iglesia-en-villar.es\/blog\/wp-json\/wp\/v2\/users\/53745"}],"replies":[{"embeddable":true,"href":"https:\/\/iglesia-en-villar.es\/blog\/wp-json\/wp\/v2\/comments?post=7838"}],"version-history":[{"count":1,"href":"https:\/\/iglesia-en-villar.es\/blog\/wp-json\/wp\/v2\/posts\/7838\/revisions"}],"predecessor-version":[{"id":7839,"href":"https:\/\/iglesia-en-villar.es\/blog\/wp-json\/wp\/v2\/posts\/7838\/revisions\/7839"}],"wp:attachment":[{"href":"https:\/\/iglesia-en-villar.es\/blog\/wp-json\/wp\/v2\/media?parent=7838"}],"wp:term":[{"taxonomy":"category","embeddable":true,"href":"https:\/\/iglesia-en-villar.es\/blog\/wp-json\/wp\/v2\/categories?post=7838"},{"taxonomy":"post_tag","embeddable":true,"href":"https:\/\/iglesia-en-villar.es\/blog\/wp-json\/wp\/v2\/tags?post=7838"}],"curies":[{"name":"wp","href":"https:\/\/api.w.org\/{rel}","templated":true}]}}