{"id":7842,"date":"2020-09-05T22:29:11","date_gmt":"2020-09-05T21:29:11","guid":{"rendered":"https:\/\/iglesia-en-villar.es\/blog\/?p=7842"},"modified":"2020-09-05T22:29:13","modified_gmt":"2020-09-05T21:29:13","slug":"editorial-30","status":"publish","type":"post","link":"https:\/\/iglesia-en-villar.es\/blog\/2020\/09\/05\/editorial-30\/","title":{"rendered":"Editorial"},"content":{"rendered":"\n<h3 class=\"has-text-align-center wp-block-heading\">Si no os hac\u00e9is como ni\u00f1os\u2026<\/h3>\n\n\n\n<p>La comunidad cristiana de Villar del Arzobispo vive esta semana un acontecimiento muy importante, 7 ni\u00f1os y 6 ni\u00f1as van a participar de manera plena del Sacramento de la Eucarist\u00eda. Van a recibir su primera comuni\u00f3n tras un periodo prolongado de formaci\u00f3n y preparaci\u00f3n junto al equipo de catequistas que les han acompa\u00f1ado en este tiempo y les han iniciado en la vida cristiana, en los sacramentos, en la oraci\u00f3n y en la experiencia de la Iglesia.<\/p>\n\n\n\n<p>Este momento central en la vida creyente de estos ni\u00f1os no puede ser indiferente para los que formamos parte de la parroquia en Villar. Al contrario, debe ser un momento para nosotros de gran importancia, y es necesario que estas familias se sientan acompa\u00f1adas por la comunidad parroquial; una parroquia que vive, valora y aprecia la presencia Eucar\u00edstica de Jes\u00fas, que se construye y configura desde la celebraci\u00f3n de la Eucarist\u00eda. Nuestro testimonio, nuestra participaci\u00f3n y la centralidad de la misa dominical en nuestra vida son el m\u00e1s claro testimonio para los j\u00f3venes cristianos de c\u00f3mo los creyentes consideramos fundamental este encuentro semanal con Jesucristo resucitado.<\/p>\n\n\n\n<p>La participaci\u00f3n dominical y diaria de los cristianos de Villar en la Eucarist\u00eda es el mejor term\u00f3metro para saber c\u00f3mo de unidos estamos a la Iglesia y a Jes\u00fas los creyentes en este pueblo de la Serran\u00eda, y si realmente celebrar juntos la Eucarist\u00eda supone un regalo y una posibilidad de encuentro que apreciamos y cuidamos cada d\u00eda.&nbsp;<\/p>\n\n\n\n<p>Como p\u00e1rroco me gustar\u00eda que aprovechemos este momento (a pesar de las dificultades que existen en nuestro mundo y en nuestra vida actualmente) para recuperar, para rescatar un poco de la inocencia y confianza de los ni\u00f1os, que entienden, en ocasiones mejor que nosotros, la fuerza y el significado profundo de este Jes\u00fas sencillo, pobre e insignificante, que se nos da como alimento, porque nos ama y no deja de invitarnos a participar de esta mesa fraterna.&nbsp;<\/p>\n\n\n\n<p>Comer del pan de Jes\u00fas nos ayuda a asimilar su mensaje, a comprender sus palabras, a seguir sus pasos. Recibir la comuni\u00f3n implica dejarnos llenar por algo tan peque\u00f1o y tan profundo, que nos viene grande comprenderlo.<\/p>\n\n\n\n<p>Nos sirven de ejemplo y testimonio estos ni\u00f1os que, con sus capacidades infantiles y sus medios limitados, el domingo se acercar\u00e1n por primera vez a la mesa del altar y comer\u00e1n del pan de vida que Jes\u00fas nos ofrece. Ellos, quiz\u00e1s no tienen tantas experiencias de la vida, no viven tan pendientes como nosotros de la econom\u00eda, los problemas, el consumo, el sufrimiento, la enfermedad\u2026 Pero tal vez por esto, su coraz\u00f3n est\u00e1 mejor dispuesto que el nuestro para valorar y vivir la importancia de este Sacramento.&nbsp;<\/p>\n\n\n\n<p>Que esta celebraci\u00f3n sea para nuestra parroquia un motivo de alegr\u00eda, y un empuj\u00f3n que genere en nosotros un deseo mayor y un compromiso de participar m\u00e1s y mejor de la Eucarist\u00eda. Cada d\u00eda, desde el pan partido, Jes\u00fas nos invita a volvernos de nuevo un poco ni\u00f1os, y olvidando el ritmo fren\u00e9tico de nuestras vidas, hace posible encontrarnos con \u00c9l y dejarnos llenar por esta presencia que da sentido a la vida y que nos sirve para seguir caminando. Hag\u00e1monos ni\u00f1os ante la Eucarist\u00eda, porque \u201csi no os hac\u00e9is como ni\u00f1os\u2026 no entrareis en el Reino de los Cielos\u201d.<\/p>\n\n\n\n<p class=\"has-text-align-right\"><strong>Quique, Vuestro P\u00e1rroco<\/strong><\/p>\n","protected":false},"excerpt":{"rendered":"<p>Si no os hac\u00e9is como ni\u00f1os\u2026 La comunidad cristiana de Villar del Arzobispo vive esta semana un acontecimiento muy importante, 7 ni\u00f1os y 6 ni\u00f1as van a participar de manera plena del Sacramento de la Eucarist\u00eda. Van a recibir su primera comuni\u00f3n tras un periodo prolongado de formaci\u00f3n y preparaci\u00f3n junto al equipo de catequistas que les han acompa\u00f1ado en&#8230;<\/p>\n<p> <a class=\"continue-reading-link\" href=\"https:\/\/iglesia-en-villar.es\/blog\/2020\/09\/05\/editorial-30\/\"><span>Leer m\u00e1s<\/span><i class=\"crycon-right-dir\"><\/i><\/a> <\/p>\n","protected":false},"author":53745,"featured_media":7841,"comment_status":"open","ping_status":"open","sticky":false,"template":"","format":"standard","meta":{"inline_featured_image":false,"footnotes":""},"categories":[13],"tags":[],"class_list":["post-7842","post","type-post","status-publish","format-standard","has-post-thumbnail","hentry","category-editorial"],"better_featured_image":{"id":7841,"alt_text":"","caption":"","description":"","media_type":"image","media_details":{"width":824,"height":797,"file":"2020\/09\/PAN.png","sizes":{"medium":{"file":"PAN-300x290.png","width":300,"height":290,"mime-type":"image\/png","source_url":"https:\/\/iglesia-en-villar.es\/blog\/wp-content\/uploads\/2020\/09\/PAN-300x290.png"},"thumbnail":{"file":"PAN-150x150.png","width":150,"height":150,"mime-type":"image\/png","source_url":"https:\/\/iglesia-en-villar.es\/blog\/wp-content\/uploads\/2020\/09\/PAN-150x150.png"},"medium_large":{"file":"PAN-768x743.png","width":768,"height":743,"mime-type":"image\/png","source_url":"https:\/\/iglesia-en-villar.es\/blog\/wp-content\/uploads\/2020\/09\/PAN-768x743.png"},"post-thumbnail":{"file":"PAN-150x145.png","width":150,"height":145,"mime-type":"image\/png","source_url":"https:\/\/iglesia-en-villar.es\/blog\/wp-content\/uploads\/2020\/09\/PAN-150x145.png"},"header":{"file":"PAN-824x230.png","width":824,"height":230,"mime-type":"image\/png","source_url":"https:\/\/iglesia-en-villar.es\/blog\/wp-content\/uploads\/2020\/09\/PAN-824x230.png"},"slider":{"file":"PAN-824x580.png","width":824,"height":580,"mime-type":"image\/png","source_url":"https:\/\/iglesia-en-villar.es\/blog\/wp-content\/uploads\/2020\/09\/PAN-824x580.png"},"columns":{"file":"PAN-330x300.png","width":330,"height":300,"mime-type":"image\/png","source_url":"https:\/\/iglesia-en-villar.es\/blog\/wp-content\/uploads\/2020\/09\/PAN-330x300.png"},"custom":{"file":"PAN-250x242.png","width":250,"height":242,"mime-type":"image\/png","source_url":"https:\/\/iglesia-en-villar.es\/blog\/wp-content\/uploads\/2020\/09\/PAN-250x242.png"}},"image_meta":{"aperture":"0","credit":"","camera":"","caption":"","created_timestamp":"0","copyright":"","focal_length":"0","iso":"0","shutter_speed":"0","title":"","orientation":"0","keywords":[]}},"post":null,"source_url":"https:\/\/iglesia-en-villar.es\/blog\/wp-content\/uploads\/2020\/09\/PAN.png"},"read":true,"_links":{"self":[{"href":"https:\/\/iglesia-en-villar.es\/blog\/wp-json\/wp\/v2\/posts\/7842","targetHints":{"allow":["GET"]}}],"collection":[{"href":"https:\/\/iglesia-en-villar.es\/blog\/wp-json\/wp\/v2\/posts"}],"about":[{"href":"https:\/\/iglesia-en-villar.es\/blog\/wp-json\/wp\/v2\/types\/post"}],"author":[{"embeddable":true,"href":"https:\/\/iglesia-en-villar.es\/blog\/wp-json\/wp\/v2\/users\/53745"}],"replies":[{"embeddable":true,"href":"https:\/\/iglesia-en-villar.es\/blog\/wp-json\/wp\/v2\/comments?post=7842"}],"version-history":[{"count":1,"href":"https:\/\/iglesia-en-villar.es\/blog\/wp-json\/wp\/v2\/posts\/7842\/revisions"}],"predecessor-version":[{"id":7843,"href":"https:\/\/iglesia-en-villar.es\/blog\/wp-json\/wp\/v2\/posts\/7842\/revisions\/7843"}],"wp:featuredmedia":[{"embeddable":true,"href":"https:\/\/iglesia-en-villar.es\/blog\/wp-json\/wp\/v2\/media\/7841"}],"wp:attachment":[{"href":"https:\/\/iglesia-en-villar.es\/blog\/wp-json\/wp\/v2\/media?parent=7842"}],"wp:term":[{"taxonomy":"category","embeddable":true,"href":"https:\/\/iglesia-en-villar.es\/blog\/wp-json\/wp\/v2\/categories?post=7842"},{"taxonomy":"post_tag","embeddable":true,"href":"https:\/\/iglesia-en-villar.es\/blog\/wp-json\/wp\/v2\/tags?post=7842"}],"curies":[{"name":"wp","href":"https:\/\/api.w.org\/{rel}","templated":true}]}}