{"id":7845,"date":"2020-09-11T11:12:55","date_gmt":"2020-09-11T10:12:55","guid":{"rendered":"https:\/\/iglesia-en-villar.es\/blog\/?p=7845"},"modified":"2020-09-11T11:12:57","modified_gmt":"2020-09-11T10:12:57","slug":"avisos-29","status":"publish","type":"post","link":"https:\/\/iglesia-en-villar.es\/blog\/2020\/09\/11\/avisos-29\/","title":{"rendered":"Avisos"},"content":{"rendered":"\n<p><strong>DOLORES DE LA VIRGEN.<\/strong><\/p>\n\n\n\n<p>El Martes d\u00eda 15 de Septiembre se sustituye el rezo de V\u00edsperas por el rezo de los Dolores de la Virgen.<\/p>\n\n\n\n<p><strong>ORDENACI\u00d3N DE DI\u00c1CONO<\/strong><\/p>\n\n\n\n<p>Se pone en conocimiento que Don Catalin Lucian Tantan, ser\u00e1 ordenado di\u00e1cono el pr\u00f3ximo s\u00e1bado d\u00eda 19 de Septiembre, debido a la situaci\u00f3n actual no podemos acompa\u00f1arle como comunidad. Podremos seguir la celebraci\u00f3n por el canal YOUTUBE de la di\u00f3cesis.<\/p>\n\n\n\n<p>En la misa de la tarde, a las 19,00 horas, el nuevo di\u00e1cono predicar\u00e1 por primera vez en nuestra parroquia, inaugurando as\u00ed su ministerio diaconal. Acompa\u00f1\u00e9mosle con nuestra oraci\u00f3n y con nuestra presencia.<\/p>\n","protected":false},"excerpt":{"rendered":"<p>DOLORES DE LA VIRGEN. El Martes d\u00eda 15 de Septiembre se sustituye el rezo de V\u00edsperas por el rezo de los Dolores de la Virgen. ORDENACI\u00d3N DE DI\u00c1CONO Se pone en conocimiento que Don Catalin Lucian Tantan, ser\u00e1 ordenado di\u00e1cono el pr\u00f3ximo s\u00e1bado d\u00eda 19 de Septiembre, debido a la situaci\u00f3n actual no podemos acompa\u00f1arle como comunidad. Podremos seguir la&#8230;<\/p>\n<p> <a class=\"continue-reading-link\" href=\"https:\/\/iglesia-en-villar.es\/blog\/2020\/09\/11\/avisos-29\/\"><span>Leer m\u00e1s<\/span><i class=\"crycon-right-dir\"><\/i><\/a> <\/p>\n","protected":false},"author":53745,"featured_media":0,"comment_status":"open","ping_status":"open","sticky":false,"template":"","format":"standard","meta":{"inline_featured_image":false,"footnotes":""},"categories":[10],"tags":[],"class_list":["post-7845","post","type-post","status-publish","format-standard","hentry","category-avisos"],"better_featured_image":null,"read":true,"_links":{"self":[{"href":"https:\/\/iglesia-en-villar.es\/blog\/wp-json\/wp\/v2\/posts\/7845","targetHints":{"allow":["GET"]}}],"collection":[{"href":"https:\/\/iglesia-en-villar.es\/blog\/wp-json\/wp\/v2\/posts"}],"about":[{"href":"https:\/\/iglesia-en-villar.es\/blog\/wp-json\/wp\/v2\/types\/post"}],"author":[{"embeddable":true,"href":"https:\/\/iglesia-en-villar.es\/blog\/wp-json\/wp\/v2\/users\/53745"}],"replies":[{"embeddable":true,"href":"https:\/\/iglesia-en-villar.es\/blog\/wp-json\/wp\/v2\/comments?post=7845"}],"version-history":[{"count":1,"href":"https:\/\/iglesia-en-villar.es\/blog\/wp-json\/wp\/v2\/posts\/7845\/revisions"}],"predecessor-version":[{"id":7846,"href":"https:\/\/iglesia-en-villar.es\/blog\/wp-json\/wp\/v2\/posts\/7845\/revisions\/7846"}],"wp:attachment":[{"href":"https:\/\/iglesia-en-villar.es\/blog\/wp-json\/wp\/v2\/media?parent=7845"}],"wp:term":[{"taxonomy":"category","embeddable":true,"href":"https:\/\/iglesia-en-villar.es\/blog\/wp-json\/wp\/v2\/categories?post=7845"},{"taxonomy":"post_tag","embeddable":true,"href":"https:\/\/iglesia-en-villar.es\/blog\/wp-json\/wp\/v2\/tags?post=7845"}],"curies":[{"name":"wp","href":"https:\/\/api.w.org\/{rel}","templated":true}]}}