{"id":7863,"date":"2020-09-21T16:14:01","date_gmt":"2020-09-21T15:14:01","guid":{"rendered":"https:\/\/iglesia-en-villar.es\/blog\/?p=7863"},"modified":"2020-09-21T16:14:03","modified_gmt":"2020-09-21T15:14:03","slug":"intenciones-de-misa-35","status":"publish","type":"post","link":"https:\/\/iglesia-en-villar.es\/blog\/2020\/09\/21\/intenciones-de-misa-35\/","title":{"rendered":"Intenciones de Misa"},"content":{"rendered":"\n<p><strong>LUNES D\u00cdA 21<\/strong><\/p>\n\n\n\n<p>8,30 H. CONVENTO<\/p>\n\n\n\n<p>19 H. TEMPLO<\/p>\n\n\n\n<p>Sufragio Gloria \u2013 difuntos de Paz Garc\u00eda.<\/p>\n\n\n\n<p><strong>MARTES <\/strong><strong>D\u00cdA<\/strong><strong>22<\/strong><\/p>\n\n\n\n<p>8,30 H. CONVENTO<\/p>\n\n\n\n<p>19 H. TEMPLO<\/p>\n\n\n\n<p>Por los Enfermos \u2013 Sufragio de Mauricio Luz Orero \u2013 Acci\u00f3n de Gracias a la Virgen de la Paz, San Roque y Santa Rita.<\/p>\n\n\n\n<p><strong>MI\u00c9RCOLES D\u00cdA 23<\/strong><\/p>\n\n\n\n<p>8,30 H. CONVENTO.<\/p>\n\n\n\n<p>19 H. TEMPLO<\/p>\n\n\n\n<p>Sufragio de Paz y Paco.<\/p>\n\n\n\n<p><strong>JUEVES D\u00cdA 24<\/strong><\/p>\n\n\n\n<p>19 H. CONVENTO.<\/p>\n\n\n\n<p>20 H. TEMPLO<\/p>\n\n\n\n<p>Sufragio Matrimonio Francisco Belenguer y Fina Garc\u00eda e Hija Fina- Difuntos Cofrad\u00eda Virgen de la Paz \u2013 Acci\u00f3n de Gracias a la Virgen de la Paz de una devota.<\/p>\n\n\n\n<p><strong>VIERNES D\u00cdA 25<\/strong><\/p>\n\n\n\n<p>8,30 H. CONVENTO.<\/p>\n\n\n\n<p>19 H. TEMPLO.<\/p>\n\n\n\n<p>Sufragio de: Mauricio \u2013 Amparo y victoriano \u2013 Jos\u00e9 Torralba y hermanos Paco, Loreto y Isabel.<\/p>\n\n\n\n<p><strong>S\u00c1BADO D\u00cdA 26<\/strong><\/p>\n\n\n\n<p>8,30 H. CONVENTO.<\/p>\n\n\n\n<p>19 H. TEMPLO<\/p>\n\n\n\n<p>Sufragio de: Matrimonio Mar\u00eda Moreno Exp\u00f3sito y Miguel Gordo Garay \u2013 Manuel Moreno Exp\u00f3sito \u2013 Difuntos de Paz \u2013 Matrimonio Jos\u00e9 Tortajada y Manuela Ant\u00f3n \u2013 Vicente Salvo y Padres y Hermanos \u2013 Carmen Porta de sus Clavariesas \u2013 acci\u00f3n de Gracias de Manolo y \u00c1ngeles \u2013 Miguel Usach y Familiares difuntos.<\/p>\n\n\n\n<p><strong>DOMINGO D\u00cdA 27<\/strong><\/p>\n\n\n\n<p>9 H. CONVENTO.<\/p>\n\n\n\n<p>12,30 H TEMPO<\/p>\n\n\n\n<p>Misa Pro-populo y envi\u00f3 de los Agentes de Formaci\u00f3n Pastoral.<\/p>\n","protected":false},"excerpt":{"rendered":"<p>LUNES D\u00cdA 21 8,30 H. CONVENTO 19 H. TEMPLO Sufragio Gloria \u2013 difuntos de Paz Garc\u00eda. MARTES D\u00cdA22 8,30 H. CONVENTO 19 H. TEMPLO Por los Enfermos \u2013 Sufragio de Mauricio Luz Orero \u2013 Acci\u00f3n de Gracias a la Virgen de la Paz, San Roque y Santa Rita. MI\u00c9RCOLES D\u00cdA 23 8,30 H. CONVENTO. 19 H. TEMPLO Sufragio de Paz&#8230;<\/p>\n<p> <a class=\"continue-reading-link\" href=\"https:\/\/iglesia-en-villar.es\/blog\/2020\/09\/21\/intenciones-de-misa-35\/\"><span>Leer m\u00e1s<\/span><i class=\"crycon-right-dir\"><\/i><\/a> <\/p>\n","protected":false},"author":53745,"featured_media":0,"comment_status":"open","ping_status":"open","sticky":false,"template":"","format":"standard","meta":{"inline_featured_image":false,"footnotes":""},"categories":[3],"tags":[],"class_list":["post-7863","post","type-post","status-publish","format-standard","hentry","category-intenciones"],"better_featured_image":null,"read":true,"_links":{"self":[{"href":"https:\/\/iglesia-en-villar.es\/blog\/wp-json\/wp\/v2\/posts\/7863","targetHints":{"allow":["GET"]}}],"collection":[{"href":"https:\/\/iglesia-en-villar.es\/blog\/wp-json\/wp\/v2\/posts"}],"about":[{"href":"https:\/\/iglesia-en-villar.es\/blog\/wp-json\/wp\/v2\/types\/post"}],"author":[{"embeddable":true,"href":"https:\/\/iglesia-en-villar.es\/blog\/wp-json\/wp\/v2\/users\/53745"}],"replies":[{"embeddable":true,"href":"https:\/\/iglesia-en-villar.es\/blog\/wp-json\/wp\/v2\/comments?post=7863"}],"version-history":[{"count":1,"href":"https:\/\/iglesia-en-villar.es\/blog\/wp-json\/wp\/v2\/posts\/7863\/revisions"}],"predecessor-version":[{"id":7864,"href":"https:\/\/iglesia-en-villar.es\/blog\/wp-json\/wp\/v2\/posts\/7863\/revisions\/7864"}],"wp:attachment":[{"href":"https:\/\/iglesia-en-villar.es\/blog\/wp-json\/wp\/v2\/media?parent=7863"}],"wp:term":[{"taxonomy":"category","embeddable":true,"href":"https:\/\/iglesia-en-villar.es\/blog\/wp-json\/wp\/v2\/categories?post=7863"},{"taxonomy":"post_tag","embeddable":true,"href":"https:\/\/iglesia-en-villar.es\/blog\/wp-json\/wp\/v2\/tags?post=7863"}],"curies":[{"name":"wp","href":"https:\/\/api.w.org\/{rel}","templated":true}]}}