{"id":7865,"date":"2020-09-21T16:16:50","date_gmt":"2020-09-21T15:16:50","guid":{"rendered":"https:\/\/iglesia-en-villar.es\/blog\/?p=7865"},"modified":"2020-09-21T16:16:52","modified_gmt":"2020-09-21T15:16:52","slug":"rincon-carmelitano-39","status":"publish","type":"post","link":"https:\/\/iglesia-en-villar.es\/blog\/2020\/09\/21\/rincon-carmelitano-39\/","title":{"rendered":"Rinc\u00f3n Carmelitano"},"content":{"rendered":"\n<p><strong>SANTA TERESA DEL NI\u00d1O JES\u00daS<\/strong><\/p>\n\n\n\n<p>Dentro de poco se celebra en la Iglesia universal, y sobre todo en el Carmelo, la fiesta de Santa Teresita del Ni\u00f1o Jes\u00fas. Ella, a diferencia de su madre Santa Teresa, no tuvo en su corta vida ni \u00e9xtasis ni nada extraordinario. De tal manera vivi\u00f3 en lo externo como todas, que una hermana coment\u00f3 cuando ya se encontraba Teresita muy enferma:\u00bbLa madre priora se va a ver en un aprieto para escribir la carta de edificaci\u00f3n, porque esta hermanita es muy amable, pero no ha hecho nada que merezca la pena ser contado\u00bb. Era la opini\u00f3n de esta hermana, pero la Iglesia la ha nombrado Doctora de la Iglesia, s\u00f3lo hay 3 mujeres a las que se les haya reconocido como tales en 2000 a\u00f1os de cristianismo.<\/p>\n\n\n\n<p>Ella misma nos da como la clave de esta aparente contradicci\u00f3n cuando nos dijo:\u00bbA todos los \u00e9xtasis prefiero la monoton\u00eda del sacrificio ordinario\u00bb. Creemos que en los \u00e9xtasis se debe sentir una muy, pero que muy bien, tan bien que se pierde la conciencia de todo, uno sale de s\u00ed por un gozo excesivo; pero esto es un don de Dios que lo da a quien quiere porque quiere y cuando quiere. Se recibe en ese momento, no se da. En la monoton\u00eda del sacrificio ordinario no se suele experimentar un \u00abgozo excesivo\u00bb, m\u00e1s bien el cansancio de lo repetitivo, de lo que no brilla, ni atrae y que frecuentemente nadie lo percibe ni agradece. Asumirlo por amor es darse. Cuando se ama verdaderamente a Dios, no se busca que nos gratifique, sino complacerle haciendo su voluntad. Teresita quer\u00eda darse, y descubri\u00f3 esta forma sencill\u00edsima y al alcance de todos: abrazar por amor la monoton\u00eda del sacrificio ordinario, sin buscar compensaciones, sin buscar reconocimiento.<\/p>\n\n\n\n<p>Aunque cada d\u00eda aporta su novedad, no hay dos d\u00edas exactamente iguales, tambi\u00e9n hay una serie de acciones que se repiten. Podemos hacerlas maquinalmente, rutinariamente, pensando en otros momentos m\u00e1s gratificantes de la jornada; o podemos poner todo el amor y el deseo de complacer a Dios en cada una de estas acciones. La acci\u00f3n m\u00e1s sencilla hecha con un amor grande, queda eternizada para gloria de Dios y gozo nuestro.<\/p>\n\n\n\n<p class=\"has-text-align-right\"><strong>Hermanas Carmelitas<\/strong><\/p>\n","protected":false},"excerpt":{"rendered":"<p>SANTA TERESA DEL NI\u00d1O JES\u00daS Dentro de poco se celebra en la Iglesia universal, y sobre todo en el Carmelo, la fiesta de Santa Teresita del Ni\u00f1o Jes\u00fas. Ella, a diferencia de su madre Santa Teresa, no tuvo en su corta vida ni \u00e9xtasis ni nada extraordinario. De tal manera vivi\u00f3 en lo externo como todas, que una hermana coment\u00f3&#8230;<\/p>\n<p> <a class=\"continue-reading-link\" href=\"https:\/\/iglesia-en-villar.es\/blog\/2020\/09\/21\/rincon-carmelitano-39\/\"><span>Leer m\u00e1s<\/span><i class=\"crycon-right-dir\"><\/i><\/a> <\/p>\n","protected":false},"author":53745,"featured_media":0,"comment_status":"open","ping_status":"open","sticky":false,"template":"","format":"standard","meta":{"inline_featured_image":false,"footnotes":""},"categories":[5],"tags":[],"class_list":["post-7865","post","type-post","status-publish","format-standard","hentry","category-monasterio"],"better_featured_image":null,"read":true,"_links":{"self":[{"href":"https:\/\/iglesia-en-villar.es\/blog\/wp-json\/wp\/v2\/posts\/7865","targetHints":{"allow":["GET"]}}],"collection":[{"href":"https:\/\/iglesia-en-villar.es\/blog\/wp-json\/wp\/v2\/posts"}],"about":[{"href":"https:\/\/iglesia-en-villar.es\/blog\/wp-json\/wp\/v2\/types\/post"}],"author":[{"embeddable":true,"href":"https:\/\/iglesia-en-villar.es\/blog\/wp-json\/wp\/v2\/users\/53745"}],"replies":[{"embeddable":true,"href":"https:\/\/iglesia-en-villar.es\/blog\/wp-json\/wp\/v2\/comments?post=7865"}],"version-history":[{"count":1,"href":"https:\/\/iglesia-en-villar.es\/blog\/wp-json\/wp\/v2\/posts\/7865\/revisions"}],"predecessor-version":[{"id":7866,"href":"https:\/\/iglesia-en-villar.es\/blog\/wp-json\/wp\/v2\/posts\/7865\/revisions\/7866"}],"wp:attachment":[{"href":"https:\/\/iglesia-en-villar.es\/blog\/wp-json\/wp\/v2\/media?parent=7865"}],"wp:term":[{"taxonomy":"category","embeddable":true,"href":"https:\/\/iglesia-en-villar.es\/blog\/wp-json\/wp\/v2\/categories?post=7865"},{"taxonomy":"post_tag","embeddable":true,"href":"https:\/\/iglesia-en-villar.es\/blog\/wp-json\/wp\/v2\/tags?post=7865"}],"curies":[{"name":"wp","href":"https:\/\/api.w.org\/{rel}","templated":true}]}}