{"id":7870,"date":"2020-09-25T16:15:52","date_gmt":"2020-09-25T15:15:52","guid":{"rendered":"https:\/\/iglesia-en-villar.es\/blog\/?p=7870"},"modified":"2020-09-25T16:15:54","modified_gmt":"2020-09-25T15:15:54","slug":"avisos-31","status":"publish","type":"post","link":"https:\/\/iglesia-en-villar.es\/blog\/2020\/09\/25\/avisos-31\/","title":{"rendered":"Avisos"},"content":{"rendered":"\n<p class=\"has-text-align-center\"><strong>HORARIO DE MISAS<\/strong><\/p>\n\n\n\n<p>Nuevo horarios de misas a partir del Lunes dia 28 de Septiembre:<\/p>\n\n\n\n<p><strong>Lunes:<\/strong><\/p>\n\n\n\n<p>Convento a las 17 Horas<\/p>\n\n\n\n<p>Templo a las 18,30 horas<\/p>\n\n\n\n<p><strong>Martes:<\/strong><\/p>\n\n\n\n<p>Convento a las 18 horas<\/p>\n\n\n\n<p>Templo a las 19 Horas<\/p>\n\n\n\n<p>Los dem\u00e1s d\u00edas horario normal<\/p>\n\n\n\n<p class=\"has-text-align-center\"><strong>DONATIVOS<\/strong><\/p>\n\n\n\n<p>Unas hermanas ha realizado un donativo de 1.000,00 \u20ac.<\/p>\n\n\n\n<p class=\"has-text-align-center\"><strong>REZO DEL ROSARIO<\/strong><\/p>\n\n\n\n<p>A partir del 1 de Octubre, mes del Rosario, este sera rezado por los Grupos de la Parroquia antes de la misa.<\/p>\n\n\n\n<p class=\"has-text-align-center\"><strong>ADORACI\u00d3N DEL SANT\u00cdSIMO<\/strong><\/p>\n\n\n\n<p>A partir de 1 de Octubre, Jueves se reemprende la Adoraci\u00f3n del Sant\u00edsimo. Tras la eucarist\u00eda exposici\u00f3n, meditaci\u00f3n sobre el evangelio dominical, adoraci\u00f3n, bendici\u00f3n y reserva.<\/p>\n\n\n\n<p class=\"has-text-align-center\"><strong>CONFIRMACI\u00d3N J\u00d3VENES<\/strong><\/p>\n\n\n\n<p>Viernes 2 de Octubre a las 21,30 horas en los locales parroquiales primera sesi\u00f3n de catequesis de confirmaci\u00f3n.<\/p>\n\n\n\n<p class=\"has-text-align-center\"><strong>JUNIORS LA PAZ<\/strong><\/p>\n\n\n\n<p>S\u00e1bado 3 de Octubre, a las 16,00 horas se reemprenden la actividad de los JUNIOR LA PAZ, los educadores esperan a los ni\u00f1os para una actividad muy especial. ! Os esperamos \u00a1<\/p>\n\n\n\n<p class=\"has-text-align-center\"><strong>CATEQUESIS DE COMUNI\u00d3N<\/strong><\/p>\n\n\n\n<p>Domingo 4 de Octubre, primer d\u00eda de catequesis de comuni\u00f3n, a la 11,45 horas encuentro en los Locales con las catequistas. A las 12,30 horas misa con ni\u00f1os y familias.<\/p>\n\n\n\n<p class=\"has-text-align-center\"><strong>AMONESTACI\u00d3N<\/strong><\/p>\n\n\n\n<p>Desean contraer can\u00f3nico matrimonio JUAN JOS\u00c9 CASTELLANO ANGULO natural de Villar del Arzobispo, hijo de Juan Jos\u00e9 y Mar\u00eda Dolores, feligr\u00e9s de la Parroquia Nuestra Se\u00f1ora de la Paz de Villar del Arzobispo<\/p>\n\n\n\n<p><strong>CON<\/strong><\/p>\n\n\n\n<p>CARLA MINGUEZ MART\u00cdNEZ natural de Villar del Arzobispo, hija de Vicente y Maria Consuelo, feligresa de la Parroquia Nuestra Se\u00f1ora de la Paz de Villar del Arzobispo, si alguien conoce alg\u00fan impedimento tiene el deber moral de comunicarlo.<\/p>\n","protected":false},"excerpt":{"rendered":"<p>HORARIO DE MISAS Nuevo horarios de misas a partir del Lunes dia 28 de Septiembre: Lunes: Convento a las 17 Horas Templo a las 18,30 horas Martes: Convento a las 18 horas Templo a las 19 Horas Los dem\u00e1s d\u00edas horario normal DONATIVOS Unas hermanas ha realizado un donativo de 1.000,00 \u20ac. REZO DEL ROSARIO A partir del 1 de&#8230;<\/p>\n<p> <a class=\"continue-reading-link\" href=\"https:\/\/iglesia-en-villar.es\/blog\/2020\/09\/25\/avisos-31\/\"><span>Leer m\u00e1s<\/span><i class=\"crycon-right-dir\"><\/i><\/a> <\/p>\n","protected":false},"author":53745,"featured_media":0,"comment_status":"open","ping_status":"open","sticky":false,"template":"","format":"standard","meta":{"inline_featured_image":false,"footnotes":""},"categories":[10],"tags":[],"class_list":["post-7870","post","type-post","status-publish","format-standard","hentry","category-avisos"],"better_featured_image":null,"read":true,"_links":{"self":[{"href":"https:\/\/iglesia-en-villar.es\/blog\/wp-json\/wp\/v2\/posts\/7870","targetHints":{"allow":["GET"]}}],"collection":[{"href":"https:\/\/iglesia-en-villar.es\/blog\/wp-json\/wp\/v2\/posts"}],"about":[{"href":"https:\/\/iglesia-en-villar.es\/blog\/wp-json\/wp\/v2\/types\/post"}],"author":[{"embeddable":true,"href":"https:\/\/iglesia-en-villar.es\/blog\/wp-json\/wp\/v2\/users\/53745"}],"replies":[{"embeddable":true,"href":"https:\/\/iglesia-en-villar.es\/blog\/wp-json\/wp\/v2\/comments?post=7870"}],"version-history":[{"count":1,"href":"https:\/\/iglesia-en-villar.es\/blog\/wp-json\/wp\/v2\/posts\/7870\/revisions"}],"predecessor-version":[{"id":7871,"href":"https:\/\/iglesia-en-villar.es\/blog\/wp-json\/wp\/v2\/posts\/7870\/revisions\/7871"}],"wp:attachment":[{"href":"https:\/\/iglesia-en-villar.es\/blog\/wp-json\/wp\/v2\/media?parent=7870"}],"wp:term":[{"taxonomy":"category","embeddable":true,"href":"https:\/\/iglesia-en-villar.es\/blog\/wp-json\/wp\/v2\/categories?post=7870"},{"taxonomy":"post_tag","embeddable":true,"href":"https:\/\/iglesia-en-villar.es\/blog\/wp-json\/wp\/v2\/tags?post=7870"}],"curies":[{"name":"wp","href":"https:\/\/api.w.org\/{rel}","templated":true}]}}