{"id":7884,"date":"2020-10-04T21:24:15","date_gmt":"2020-10-04T20:24:15","guid":{"rendered":"https:\/\/iglesia-en-villar.es\/blog\/?p=7884"},"modified":"2020-10-04T23:18:43","modified_gmt":"2020-10-04T22:18:43","slug":"intenciones-de-misa-37","status":"publish","type":"post","link":"https:\/\/iglesia-en-villar.es\/blog\/2020\/10\/04\/intenciones-de-misa-37\/","title":{"rendered":"Intenciones de Misa"},"content":{"rendered":"\n<p><strong>LUNES D\u00cdA 5<\/strong><\/p>\n\n\n\n<p>17 H. CONVENTO<\/p>\n\n\n\n<p>18,30 H. TEMPLO<\/p>\n\n\n\n<p>Sufragio de: Paco y Paz \u2013 Paz Tortajada M\u00ednguez \u2013 Fina Belenguer Garc\u00eda.<\/p>\n\n\n\n<p><strong>MARTES <\/strong><strong>D\u00cdA<\/strong><strong>6<\/strong><\/p>\n\n\n\n<p>17 H. CONVENTO<\/p>\n\n\n\n<p>19 H. TEMPLO<\/p>\n\n\n\n<p>Por los Enfermos \u2013 Sufragio de: Manolita Tortajada y Padres \u2013 Acci\u00f3n de Gracias a la Virgen de la Paz.<\/p>\n\n\n\n<p><strong>MI\u00c9RCOLES D\u00cdA 7<\/strong><\/p>\n\n\n\n<p>8,30 H. CONVENTO.<\/p>\n\n\n\n<p>19 H. TEMPLO<\/p>\n\n\n\n<p>Acci\u00f3n de Gracias a la Virgen de la Paz de una devota \u2013 Acci\u00f3n de Gracias a las almas del Purgatorio.<\/p>\n\n\n\n<p><strong>JUEVES D\u00cdA 8<\/strong><\/p>\n\n\n\n<p>8,30 H. CONVENTO.<\/p>\n\n\n\n<p>19 H. TEMPLO<\/p>\n\n\n\n<p>Sufragio de: Francisca Usach y Joaqu\u00edn Lamoncha e Hijo \u2013 Vicente P\u00e9rez y Padres \u2013 Trinidad Tortajada e Hijo.<\/p>\n\n\n\n<p><strong>VIERNES D\u00cdA 9<\/strong><\/p>\n\n\n\n<p>8,30 H. CONVENTO.<\/p>\n\n\n\n<p>19 H. TEMPLO.<\/p>\n\n\n\n<p>Acci\u00f3n de Gracias a la Virgen de la Paz y Angel de la Guarda de una devota.<\/p>\n\n\n\n<p><strong>S\u00c1BADO D\u00cdA 10<\/strong><\/p>\n\n\n\n<p>8,30 H. CONVENTO.<\/p>\n\n\n\n<p>18,30 H. TEMPLO<\/p>\n\n\n\n<p>Sufragio de: Norberta Palomar Castellano \u2013 Luis Apar\u00edcio Ib\u00e1\u00f1ez \u2013 Carmen Porta y Manuel Apar\u00edcio \u2013 Pascual Molina Ram\u00edrez \u2013 Benjam\u00edn, Mar\u00eda Luisa y Vicente \u2013 Jos\u00e9 G\u00e1lvez Mart\u00ednez y Feliciana Alegre Estevan &#8211; Acci\u00f3n de Gracias a Santa Lucia y Virgen de la Paz \u2013 A la Cueva Santa de Encarnaci\u00f3n y Joaqu\u00edn.<\/p>\n\n\n\n<p><strong>DOMINGO D\u00cdA 11<\/strong><\/p>\n\n\n\n<p>9 H. CONVENTO.<\/p>\n\n\n\n<p>12,30 H TEMPO<\/p>\n\n\n\n<p>Misa Pro-populo.<\/p>\n","protected":false},"excerpt":{"rendered":"<p>LUNES D\u00cdA 5 17 H. CONVENTO 18,30 H. TEMPLO Sufragio de: Paco y Paz \u2013 Paz Tortajada M\u00ednguez \u2013 Fina Belenguer Garc\u00eda. MARTES D\u00cdA6 17 H. CONVENTO 19 H. TEMPLO Por los Enfermos \u2013 Sufragio de: Manolita Tortajada y Padres \u2013 Acci\u00f3n de Gracias a la Virgen de la Paz. MI\u00c9RCOLES D\u00cdA 7 8,30 H. CONVENTO. 19 H. TEMPLO Acci\u00f3n&#8230;<\/p>\n<p> <a class=\"continue-reading-link\" href=\"https:\/\/iglesia-en-villar.es\/blog\/2020\/10\/04\/intenciones-de-misa-37\/\"><span>Leer m\u00e1s<\/span><i class=\"crycon-right-dir\"><\/i><\/a> <\/p>\n","protected":false},"author":53745,"featured_media":0,"comment_status":"open","ping_status":"open","sticky":false,"template":"","format":"standard","meta":{"inline_featured_image":false,"footnotes":""},"categories":[3],"tags":[],"class_list":["post-7884","post","type-post","status-publish","format-standard","hentry","category-intenciones"],"better_featured_image":null,"read":true,"_links":{"self":[{"href":"https:\/\/iglesia-en-villar.es\/blog\/wp-json\/wp\/v2\/posts\/7884","targetHints":{"allow":["GET"]}}],"collection":[{"href":"https:\/\/iglesia-en-villar.es\/blog\/wp-json\/wp\/v2\/posts"}],"about":[{"href":"https:\/\/iglesia-en-villar.es\/blog\/wp-json\/wp\/v2\/types\/post"}],"author":[{"embeddable":true,"href":"https:\/\/iglesia-en-villar.es\/blog\/wp-json\/wp\/v2\/users\/53745"}],"replies":[{"embeddable":true,"href":"https:\/\/iglesia-en-villar.es\/blog\/wp-json\/wp\/v2\/comments?post=7884"}],"version-history":[{"count":2,"href":"https:\/\/iglesia-en-villar.es\/blog\/wp-json\/wp\/v2\/posts\/7884\/revisions"}],"predecessor-version":[{"id":7895,"href":"https:\/\/iglesia-en-villar.es\/blog\/wp-json\/wp\/v2\/posts\/7884\/revisions\/7895"}],"wp:attachment":[{"href":"https:\/\/iglesia-en-villar.es\/blog\/wp-json\/wp\/v2\/media?parent=7884"}],"wp:term":[{"taxonomy":"category","embeddable":true,"href":"https:\/\/iglesia-en-villar.es\/blog\/wp-json\/wp\/v2\/categories?post=7884"},{"taxonomy":"post_tag","embeddable":true,"href":"https:\/\/iglesia-en-villar.es\/blog\/wp-json\/wp\/v2\/tags?post=7884"}],"curies":[{"name":"wp","href":"https:\/\/api.w.org\/{rel}","templated":true}]}}