{"id":7886,"date":"2020-10-04T21:31:55","date_gmt":"2020-10-04T20:31:55","guid":{"rendered":"https:\/\/iglesia-en-villar.es\/blog\/?p=7886"},"modified":"2020-10-04T21:31:58","modified_gmt":"2020-10-04T20:31:58","slug":"rincon-carmelitano-41","status":"publish","type":"post","link":"https:\/\/iglesia-en-villar.es\/blog\/2020\/10\/04\/rincon-carmelitano-41\/","title":{"rendered":"Rinc\u00f3n Carmelitano"},"content":{"rendered":"\n<p><strong>\u201cY sabed que Yo estoy con vosotros hasta el fin del mundo\u201d<\/strong><\/p>\n\n\n\n<p>En el d\u00eda que esto escribimos, nuestro querido p\u00e1rroco acab\u00f3 la homil\u00eda con estas palabras:\u00bbY sabed que Yo estoy con vosotros hasta el fin del mundo\u00bb. Esto es muy consolador y debemos procurar vivirlas intensamente. Podemos creer en una presencia abstracta, difusa, et\u00e9rea, general&#8230;total, que nos sirve para poco en la vida de cada d\u00eda. Pero Jes\u00fas se refer\u00eda a SU PRESENCIA humano-divina, cercana, concreta, personal, aqu\u00ed y ahora. En este sentido es muy interesante una merced que recibi\u00f3 Santa Teresa y que le dur\u00f3 \u00a1dos a\u00f1os y medio!<\/p>\n\n\n\n<p>\u00abParec\u00edame andar siempre a mi lado Jesucristo, no ve\u00eda en qu\u00e9 forma; mas estar siempre al lado derecho sent\u00edalo muy claro y que era testigo de todo lo que yo hac\u00eda y que ninguna vez que me recogiese un poco, y no estuviese muy distraida, pod\u00eda ignorar que estaba cabe m\u00ed. Preguntome el confesor que si no lo ve\u00eda c\u00f3mo sab\u00eda yo que era Cristo, le dije que no sab\u00eda c\u00f3mo, mas que no pod\u00eda dejar de entender estaba cabe m\u00ed, y lo ve\u00eda claro y lo sent\u00eda. No es como una presencia de Dios que se siente muchas veces estando en oraci\u00f3n; ac\u00e1 se ve claro que est\u00e1 aqu\u00ed Jesucristo, hijo de la Virgen, se ve nos acompa\u00f1a y quiere hacer mercedes tambi\u00e9n la Humanidad sacrat\u00edsima. Pregunt\u00f3me el confesor:\u00bfQuien dijo que era Jesucristo? El me lo dice muchas veces, respond\u00ed yo; mas antes que me lo dijese se imprimi\u00f3 en mi entendimiento que era El.\u00bb<\/p>\n\n\n\n<p>Creemos que la gracia concedida a Teresa es que pudiera percibir, sin duda ninguna, que Jes\u00fas estaba a su lado, pero no el hecho de estarlo; que El est\u00e1 siempre con nosotros, con cada uno en particular, somos \u00fanicos para El.<\/p>\n\n\n\n<p>Ojal\u00e1 nos creamos muy de veras esta cercan\u00eda bendita y le prestemos toda la atenci\u00f3n que merece \u00a1ganaremos muy mucho!<\/p>\n\n\n\n<p class=\"has-text-align-right\"><strong>Hermanas Carmelitas<\/strong><\/p>\n","protected":false},"excerpt":{"rendered":"<p>\u201cY sabed que Yo estoy con vosotros hasta el fin del mundo\u201d En el d\u00eda que esto escribimos, nuestro querido p\u00e1rroco acab\u00f3 la homil\u00eda con estas palabras:\u00bbY sabed que Yo estoy con vosotros hasta el fin del mundo\u00bb. Esto es muy consolador y debemos procurar vivirlas intensamente. Podemos creer en una presencia abstracta, difusa, et\u00e9rea, general&#8230;total, que nos sirve para&#8230;<\/p>\n<p> <a class=\"continue-reading-link\" href=\"https:\/\/iglesia-en-villar.es\/blog\/2020\/10\/04\/rincon-carmelitano-41\/\"><span>Leer m\u00e1s<\/span><i class=\"crycon-right-dir\"><\/i><\/a> <\/p>\n","protected":false},"author":53745,"featured_media":0,"comment_status":"open","ping_status":"open","sticky":false,"template":"","format":"standard","meta":{"inline_featured_image":false,"footnotes":""},"categories":[5],"tags":[],"class_list":["post-7886","post","type-post","status-publish","format-standard","hentry","category-monasterio"],"better_featured_image":null,"read":true,"_links":{"self":[{"href":"https:\/\/iglesia-en-villar.es\/blog\/wp-json\/wp\/v2\/posts\/7886","targetHints":{"allow":["GET"]}}],"collection":[{"href":"https:\/\/iglesia-en-villar.es\/blog\/wp-json\/wp\/v2\/posts"}],"about":[{"href":"https:\/\/iglesia-en-villar.es\/blog\/wp-json\/wp\/v2\/types\/post"}],"author":[{"embeddable":true,"href":"https:\/\/iglesia-en-villar.es\/blog\/wp-json\/wp\/v2\/users\/53745"}],"replies":[{"embeddable":true,"href":"https:\/\/iglesia-en-villar.es\/blog\/wp-json\/wp\/v2\/comments?post=7886"}],"version-history":[{"count":1,"href":"https:\/\/iglesia-en-villar.es\/blog\/wp-json\/wp\/v2\/posts\/7886\/revisions"}],"predecessor-version":[{"id":7887,"href":"https:\/\/iglesia-en-villar.es\/blog\/wp-json\/wp\/v2\/posts\/7886\/revisions\/7887"}],"wp:attachment":[{"href":"https:\/\/iglesia-en-villar.es\/blog\/wp-json\/wp\/v2\/media?parent=7886"}],"wp:term":[{"taxonomy":"category","embeddable":true,"href":"https:\/\/iglesia-en-villar.es\/blog\/wp-json\/wp\/v2\/categories?post=7886"},{"taxonomy":"post_tag","embeddable":true,"href":"https:\/\/iglesia-en-villar.es\/blog\/wp-json\/wp\/v2\/tags?post=7886"}],"curies":[{"name":"wp","href":"https:\/\/api.w.org\/{rel}","templated":true}]}}