{"id":7901,"date":"2020-10-09T17:02:11","date_gmt":"2020-10-09T16:02:11","guid":{"rendered":"https:\/\/iglesia-en-villar.es\/blog\/?p=7901"},"modified":"2020-10-09T17:02:13","modified_gmt":"2020-10-09T16:02:13","slug":"rincon-carmelitano-42","status":"publish","type":"post","link":"https:\/\/iglesia-en-villar.es\/blog\/2020\/10\/09\/rincon-carmelitano-42\/","title":{"rendered":"Rinc\u00f3n Carmelitano"},"content":{"rendered":"\n<p><strong>\u00a1 FELIZ DIA DE LA SANTA !<\/strong><\/p>\n\n\n\n<p>El jueves pr\u00f3ximo celebraremos a nuestra querida Santa Teresa. Esta vez dej\u00e9mosle la palabra a ella sin a\u00f1adir nada.<\/p>\n\n\n\n<p>\u00abLa m\u00e1s cierta se\u00f1al que hay &#8211; a mi parecer &#8211; si guardamos el amor de Dios y del pr\u00f3jimo, es guardando bien la del amor del pr\u00f3jimo; porque si amamos a Dios no se puede saber, mas el amor del pr\u00f3jimo, s\u00ed. Y estad ciertas que mientras m\u00e1s en este os viereis aprovechadas, m\u00e1s lo estais en el amor de Dios; porque es tan grande el que su Majestad nos tiene, que en pago del que tenemos al pr\u00f3jimo har\u00e1 que crezca el que tenemos a su Majestad por mil maneras; en esto yo no puedo dudar.<\/p>\n\n\n\n<p>Imp\u00f3rtanos mucho andar con gran advertencia c\u00f3mo andamos en esto, que si es con mucha perfecci\u00f3n, todo lo tenemos hecho; porque creo yo que, seg\u00fan es malo nuestro natural, que si no es naciendo de raiz del amor de Dios, que no llegaremos a tener con perfecci\u00f3n el del pr\u00f3jimo. Pues tanto nos importa esto, procuremos irnos entendiendo en cosas aun menudas, y no haciendo caso de unas muy grandes de parecer que haremos por los pr\u00f3jimos, y por sola un alma que se salve; porque si no vienen despu\u00e9s conforma las obras, no hay para qu\u00e9 creer que lo haremos. Son grandes los ardides del demonio, que por hacernos entender que tenemos una virtud, no la tiniendo, dar\u00e1 mil vueltas al infierno. Y tiene raz\u00f3n, porque es muy da\u00f1oso, que nunca estas virtudes fingidas vienen sin alguna vanagloria, como son de tal ra\u00edz, ans\u00ed como las que da Dios est\u00e1n libres de ella ni de soberbia.<\/p>\n\n\n\n<p>Obras quiere el Se\u00f1or, y que si ves una enferma a quien puedes dar alg\u00fan alivio no se te de nada de perder esa devoci\u00f3n y te compadezcas de ella; y si tiene alg\u00fan dolor te duela a t\u00ed, y que si vieres loar mucho a una persona, te alegres m\u00e1s mucho que si te loasen a t\u00ed. Esta alegr\u00eda de que se entiendan las virtudes de las hermanas es gran cosa, y cuando vi\u00e9remos alguna falta en alguna, sentirla como si fuera en nosotras y encubrirla.<\/p>\n\n\n\n<p>Mucho he dicho en otras partes de esto, porque veo, hermanas, que si hubiese en ello quiebra, vamos perdidas.\u00bb<\/p>\n\n\n\n<p>\u00a1FELIZ D\u00cdA DE LA SANTA, y felicitamos especialmente a las que llevan este hermoso nombre.<\/p>\n\n\n\n<p class=\"has-text-align-right\"><strong>Hermanas Carmelitas<\/strong><\/p>\n","protected":false},"excerpt":{"rendered":"<p>\u00a1 FELIZ DIA DE LA SANTA ! El jueves pr\u00f3ximo celebraremos a nuestra querida Santa Teresa. Esta vez dej\u00e9mosle la palabra a ella sin a\u00f1adir nada. \u00abLa m\u00e1s cierta se\u00f1al que hay &#8211; a mi parecer &#8211; si guardamos el amor de Dios y del pr\u00f3jimo, es guardando bien la del amor del pr\u00f3jimo; porque si amamos a Dios no&#8230;<\/p>\n<p> <a class=\"continue-reading-link\" href=\"https:\/\/iglesia-en-villar.es\/blog\/2020\/10\/09\/rincon-carmelitano-42\/\"><span>Leer m\u00e1s<\/span><i class=\"crycon-right-dir\"><\/i><\/a> <\/p>\n","protected":false},"author":53745,"featured_media":0,"comment_status":"open","ping_status":"open","sticky":false,"template":"","format":"standard","meta":{"inline_featured_image":false,"footnotes":""},"categories":[5],"tags":[],"class_list":["post-7901","post","type-post","status-publish","format-standard","hentry","category-monasterio"],"better_featured_image":null,"read":true,"_links":{"self":[{"href":"https:\/\/iglesia-en-villar.es\/blog\/wp-json\/wp\/v2\/posts\/7901","targetHints":{"allow":["GET"]}}],"collection":[{"href":"https:\/\/iglesia-en-villar.es\/blog\/wp-json\/wp\/v2\/posts"}],"about":[{"href":"https:\/\/iglesia-en-villar.es\/blog\/wp-json\/wp\/v2\/types\/post"}],"author":[{"embeddable":true,"href":"https:\/\/iglesia-en-villar.es\/blog\/wp-json\/wp\/v2\/users\/53745"}],"replies":[{"embeddable":true,"href":"https:\/\/iglesia-en-villar.es\/blog\/wp-json\/wp\/v2\/comments?post=7901"}],"version-history":[{"count":1,"href":"https:\/\/iglesia-en-villar.es\/blog\/wp-json\/wp\/v2\/posts\/7901\/revisions"}],"predecessor-version":[{"id":7902,"href":"https:\/\/iglesia-en-villar.es\/blog\/wp-json\/wp\/v2\/posts\/7901\/revisions\/7902"}],"wp:attachment":[{"href":"https:\/\/iglesia-en-villar.es\/blog\/wp-json\/wp\/v2\/media?parent=7901"}],"wp:term":[{"taxonomy":"category","embeddable":true,"href":"https:\/\/iglesia-en-villar.es\/blog\/wp-json\/wp\/v2\/categories?post=7901"},{"taxonomy":"post_tag","embeddable":true,"href":"https:\/\/iglesia-en-villar.es\/blog\/wp-json\/wp\/v2\/tags?post=7901"}],"curies":[{"name":"wp","href":"https:\/\/api.w.org\/{rel}","templated":true}]}}