{"id":7908,"date":"2020-10-20T16:30:49","date_gmt":"2020-10-20T15:30:49","guid":{"rendered":"https:\/\/iglesia-en-villar.es\/blog\/?p=7908"},"modified":"2020-10-20T16:30:50","modified_gmt":"2020-10-20T15:30:50","slug":"aviso-2","status":"publish","type":"post","link":"https:\/\/iglesia-en-villar.es\/blog\/2020\/10\/20\/aviso-2\/","title":{"rendered":"Aviso"},"content":{"rendered":"\n<p><strong>Domund 2020<\/strong><\/p>\n\n\n\n<p>Este fin de semana se celebra en todo el mundo el Domund con el lema \u201cAqu\u00ed estoy , env\u00edame\u201d. Se nos pide que cada uno en su entorno, rode\u00e1ndose de quien le pueda ayudar, debemos ser misioneros del Se\u00f1or. En este mes de octubre acord\u00e9monos de rezar y de colaborar con nuestros donativos.<\/p>\n\n\n\n<p>Debido a la situaci\u00f3n del COVID este a\u00f1o no se har\u00e1 la cuestaci\u00f3n por la calle pero habr\u00e1 huchas en algunos establecimientos colaboradores del pueblo y, como es habitual, con los sobres en las misas.<\/p>\n\n\n\n<p><strong>Grupo de Misiones<\/strong><\/p>\n","protected":false},"excerpt":{"rendered":"<p>Domund 2020 Este fin de semana se celebra en todo el mundo el Domund con el lema \u201cAqu\u00ed estoy , env\u00edame\u201d. Se nos pide que cada uno en su entorno, rode\u00e1ndose de quien le pueda ayudar, debemos ser misioneros del Se\u00f1or. En este mes de octubre acord\u00e9monos de rezar y de colaborar con nuestros donativos. Debido a la situaci\u00f3n del&#8230;<\/p>\n<p> <a class=\"continue-reading-link\" href=\"https:\/\/iglesia-en-villar.es\/blog\/2020\/10\/20\/aviso-2\/\"><span>Leer m\u00e1s<\/span><i class=\"crycon-right-dir\"><\/i><\/a> <\/p>\n","protected":false},"author":53745,"featured_media":0,"comment_status":"open","ping_status":"open","sticky":false,"template":"","format":"standard","meta":{"inline_featured_image":false,"footnotes":""},"categories":[10],"tags":[],"class_list":["post-7908","post","type-post","status-publish","format-standard","hentry","category-avisos"],"better_featured_image":null,"read":true,"_links":{"self":[{"href":"https:\/\/iglesia-en-villar.es\/blog\/wp-json\/wp\/v2\/posts\/7908","targetHints":{"allow":["GET"]}}],"collection":[{"href":"https:\/\/iglesia-en-villar.es\/blog\/wp-json\/wp\/v2\/posts"}],"about":[{"href":"https:\/\/iglesia-en-villar.es\/blog\/wp-json\/wp\/v2\/types\/post"}],"author":[{"embeddable":true,"href":"https:\/\/iglesia-en-villar.es\/blog\/wp-json\/wp\/v2\/users\/53745"}],"replies":[{"embeddable":true,"href":"https:\/\/iglesia-en-villar.es\/blog\/wp-json\/wp\/v2\/comments?post=7908"}],"version-history":[{"count":1,"href":"https:\/\/iglesia-en-villar.es\/blog\/wp-json\/wp\/v2\/posts\/7908\/revisions"}],"predecessor-version":[{"id":7909,"href":"https:\/\/iglesia-en-villar.es\/blog\/wp-json\/wp\/v2\/posts\/7908\/revisions\/7909"}],"wp:attachment":[{"href":"https:\/\/iglesia-en-villar.es\/blog\/wp-json\/wp\/v2\/media?parent=7908"}],"wp:term":[{"taxonomy":"category","embeddable":true,"href":"https:\/\/iglesia-en-villar.es\/blog\/wp-json\/wp\/v2\/categories?post=7908"},{"taxonomy":"post_tag","embeddable":true,"href":"https:\/\/iglesia-en-villar.es\/blog\/wp-json\/wp\/v2\/tags?post=7908"}],"curies":[{"name":"wp","href":"https:\/\/api.w.org\/{rel}","templated":true}]}}