{"id":7922,"date":"2020-10-24T16:34:08","date_gmt":"2020-10-24T15:34:08","guid":{"rendered":"https:\/\/iglesia-en-villar.es\/blog\/?p=7922"},"modified":"2020-10-24T16:34:10","modified_gmt":"2020-10-24T15:34:10","slug":"intenciones-de-misas-6","status":"publish","type":"post","link":"https:\/\/iglesia-en-villar.es\/blog\/2020\/10\/24\/intenciones-de-misas-6\/","title":{"rendered":"Intenciones de Misas"},"content":{"rendered":"\n<p><strong>LUNES D\u00cdA 26<\/strong><\/p>\n\n\n\n<p>17 H. CONVENTO<\/p>\n\n\n\n<p>18,30 H. TEMPLO<\/p>\n\n\n\n<p>Sufragio de: Jos\u00e9 Apar\u00edcio \u2013 Carmen Molina \u2013 Manuel Pastor.<\/p>\n\n\n\n<p><strong>MARTES <\/strong><strong>D\u00cdA<\/strong><strong>2<\/strong><strong>7<\/strong><\/p>\n\n\n\n<p>17 H. CONVENTO<\/p>\n\n\n\n<p>19 H. TEMPLO<\/p>\n\n\n\n<p>Por los Enfermos.<\/p>\n\n\n\n<p><strong>MI\u00c9RCOLES D\u00cdA 28<\/strong><\/p>\n\n\n\n<p>8,30 H. CONVENTO.<\/p>\n\n\n\n<p>19 H. TEMPLO<\/p>\n\n\n\n<p>Sufragio de D. Vicente Viadel.<\/p>\n\n\n\n<p><strong>JUEVES D\u00cdA 29 FIESTA DEL SANTO C\u00c1LIZ<\/strong><\/p>\n\n\n\n<p>8,30 H. CONVENTO.<\/p>\n\n\n\n<p>19 H. TEMPLO<\/p>\n\n\n\n<p><strong>VIERNES D\u00cdA 30<\/strong><\/p>\n\n\n\n<p>8,30 H. CONVENTO.<\/p>\n\n\n\n<p>19 H. TEMPLO.<\/p>\n\n\n\n<p>Sufragio de Francisco Estevan Fabregat.<\/p>\n\n\n\n<p><strong>S\u00c1BADO D\u00cdA 31<\/strong><\/p>\n\n\n\n<p>8,30 H. CONVENTO.<\/p>\n\n\n\n<p>19,30 H. TEMPLO<\/p>\n\n\n\n<p>Sufragio de: Matrimonio Mar\u00eda Moreno Exp\u00f3sito y Miguel Gordo Garay \u2013 Manuel Moreno Exp\u00f3sito \u2013 Difuntos de Paz \u2013 Jos\u00e9 Tortajada y Manuela Ant\u00f3n \u2013 Pepe Porter y Padres.<\/p>\n\n\n\n<p><strong>DOMINGO D\u00cdA 1 FESTIVIDAD DE TODOS LOS SANTOS<\/strong><\/p>\n\n\n\n<p>9 H. CONVENTO.<\/p>\n\n\n\n<p>12,30 H TEMPO<\/p>\n\n\n\n<p>Misa Pro-populo.<\/p>\n\n\n\n<p>19,30 H TEMPLO<\/p>\n\n\n\n<p>Vigilia de Adoraci\u00f3n por Todos los Difuntos.<\/p>\n","protected":false},"excerpt":{"rendered":"<p>LUNES D\u00cdA 26 17 H. CONVENTO 18,30 H. TEMPLO Sufragio de: Jos\u00e9 Apar\u00edcio \u2013 Carmen Molina \u2013 Manuel Pastor. MARTES D\u00cdA27 17 H. CONVENTO 19 H. TEMPLO Por los Enfermos. MI\u00c9RCOLES D\u00cdA 28 8,30 H. CONVENTO. 19 H. TEMPLO Sufragio de D. Vicente Viadel. JUEVES D\u00cdA 29 FIESTA DEL SANTO C\u00c1LIZ 8,30 H. CONVENTO. 19 H. TEMPLO VIERNES D\u00cdA 30&#8230;<\/p>\n<p> <a class=\"continue-reading-link\" href=\"https:\/\/iglesia-en-villar.es\/blog\/2020\/10\/24\/intenciones-de-misas-6\/\"><span>Leer m\u00e1s<\/span><i class=\"crycon-right-dir\"><\/i><\/a> <\/p>\n","protected":false},"author":53745,"featured_media":0,"comment_status":"open","ping_status":"open","sticky":false,"template":"","format":"standard","meta":{"inline_featured_image":false,"footnotes":""},"categories":[3],"tags":[],"class_list":["post-7922","post","type-post","status-publish","format-standard","hentry","category-intenciones"],"better_featured_image":null,"read":true,"_links":{"self":[{"href":"https:\/\/iglesia-en-villar.es\/blog\/wp-json\/wp\/v2\/posts\/7922","targetHints":{"allow":["GET"]}}],"collection":[{"href":"https:\/\/iglesia-en-villar.es\/blog\/wp-json\/wp\/v2\/posts"}],"about":[{"href":"https:\/\/iglesia-en-villar.es\/blog\/wp-json\/wp\/v2\/types\/post"}],"author":[{"embeddable":true,"href":"https:\/\/iglesia-en-villar.es\/blog\/wp-json\/wp\/v2\/users\/53745"}],"replies":[{"embeddable":true,"href":"https:\/\/iglesia-en-villar.es\/blog\/wp-json\/wp\/v2\/comments?post=7922"}],"version-history":[{"count":1,"href":"https:\/\/iglesia-en-villar.es\/blog\/wp-json\/wp\/v2\/posts\/7922\/revisions"}],"predecessor-version":[{"id":7923,"href":"https:\/\/iglesia-en-villar.es\/blog\/wp-json\/wp\/v2\/posts\/7922\/revisions\/7923"}],"wp:attachment":[{"href":"https:\/\/iglesia-en-villar.es\/blog\/wp-json\/wp\/v2\/media?parent=7922"}],"wp:term":[{"taxonomy":"category","embeddable":true,"href":"https:\/\/iglesia-en-villar.es\/blog\/wp-json\/wp\/v2\/categories?post=7922"},{"taxonomy":"post_tag","embeddable":true,"href":"https:\/\/iglesia-en-villar.es\/blog\/wp-json\/wp\/v2\/tags?post=7922"}],"curies":[{"name":"wp","href":"https:\/\/api.w.org\/{rel}","templated":true}]}}