{"id":7928,"date":"2020-10-24T16:42:25","date_gmt":"2020-10-24T15:42:25","guid":{"rendered":"https:\/\/iglesia-en-villar.es\/blog\/?p=7928"},"modified":"2020-10-24T16:42:27","modified_gmt":"2020-10-24T15:42:27","slug":"editorial-37","status":"publish","type":"post","link":"https:\/\/iglesia-en-villar.es\/blog\/2020\/10\/24\/editorial-37\/","title":{"rendered":"Editorial"},"content":{"rendered":"\n<p class=\"has-text-align-center\"><strong>Asamblea Pastoral<\/strong><\/p>\n\n\n\n<p>En los pr\u00f3ximos d\u00edas nuestra comunidad cristiana empieza un tiempo de estudio y an\u00e1lisis de la realidad de nuestra parroquia. Nos encontramos en un proceso de transformaci\u00f3n social y c\u00edvica muy profundo, y nuestra comunidad cristiana no puede deso\u00edr estos signos de los tiempos que nos piden una adaptaci\u00f3n a las exigencias y necesidades de los hombres y mujeres de nuestro tiempo. Ellos, en muchas ocasiones aun sin saberlo, contin\u00faan necesitando del mensaje liberador del Evangelio de Jesucristo.<\/p>\n\n\n\n<p>Nuestra llamada como cristianos es a convertirnos en piedras vivas de un ensamblaje cambiante y sometido a constantes reestructuraciones como es la Iglesia. Como comunidad, somos conscientes que en este momento concreto la Iglesia que camina en Villar del Arzobispo tiene que responder a las necesidades y a los retos que nuestra sociedad nos plantea. Necesitamos detenernos y examinar a conciencia qu\u00e9 necesitamos, con qu\u00e9 contamos y cu\u00e1les son los retos que se nos plantean a medio plazo.<\/p>\n\n\n\n<p>Iniciamos un tiempo que quiere hacer balance y concretar cu\u00e1l es el camino a recorrer para los pr\u00f3ximos cursos, cu\u00e1les son las necesidades, prioridades y tareas que la parroquia debe llevar a cabo en cada una de sus dimensiones y \u00e1reas, para que cristalice en nuestra comunidad y en nuestro pueblo la raz\u00f3n de ser de la Iglesia: la Evangelizaci\u00f3n.<\/p>\n\n\n\n<p>En este tiempo todos tenemos un papel importante, una responsabilidad que ejercer, una palabra que aportar. Desde cada una de las \u00e1reas pastorales con las que cuenta la parroquia se han elegido diversos representantes para que puedan o\u00edrse todas las voces, y podamos compartir las inquietudes y las preocupaciones de todos los que nos sentimos parte de esta longeva y compenetrada comunidad cristiana.<\/p>\n\n\n\n<p>Debido a la situaci\u00f3n sanitaria no es posible llevar a cabo una gran asamblea parroquial, pero nadie debe sentirse ajeno a este proyecto que se inicia con ilusi\u00f3n y con deseo de mejorar en nuestra misi\u00f3n de anuncio de Jesucristo. Si deseamos contribuir, la mejor forma de hacerlo ser\u00e1 a trav\u00e9s de nuestra oraci\u00f3n, y de nuestra aportaci\u00f3n a trav\u00e9s del sacerdote o de las personas que forman parte de este equipo de trabajo integrado por m\u00e1s de 40 miembros.<\/p>\n\n\n\n<p>Este proceso requiere rigor, disciplina y una comunidad que trabaje unida para llegar a formular una propuesta con sentido y con realismo, lejos de proponer metas inconsistentes y objetivos ut\u00f3picos. No queremos llegar a una declaraci\u00f3n de buenas intenciones, sino que queremos poner en marcha mecanismos claros a trav\u00e9s de los que llevar a cabo una propuesta de vida cristiana con sentido. Queremos que la parroquia, cada uno de sus miembros, recuperemos la motivaci\u00f3n y las ganas de hablar de nuestra fe y de Jesucristo, como aquello que nos ha hecho encontrar el sentido a la vida, la alegr\u00eda y la esperanza ante un mundo vac\u00edo y apagado en el que pocas cosas tienen consistencia.<\/p>\n\n\n\n<p>Empecemos por orar, por acercarnos desde el coraz\u00f3n a nuestro Dios que nos habla, que nos anima y que quiere que le anunciemos ante toda la tierra. Que el Se\u00f1or escuche la fuerza orante de esta comunidad parroquial que quiere ser cada d\u00eda m\u00e1s Iglesia para anunciar con gozo esta buena nueva: Cristo, el Hijo de Dios, por amor a nosotros ha muerto y ha resucitado, abri\u00e9ndonos las puertas de la salvaci\u00f3n y de la Vida Eterna.<\/p>\n\n\n\n<p>Que nuestra madre, Mar\u00eda, Reina de la Paz, vaya por delante de nosotros y nos ayude a vivir dispuestos a ser anunciadores de Cristo en el mundo.<\/p>\n\n\n\n<p class=\"has-text-align-right\"><strong>Quique, vuestro Parroco.<\/strong><\/p>\n","protected":false},"excerpt":{"rendered":"<p>Asamblea Pastoral En los pr\u00f3ximos d\u00edas nuestra comunidad cristiana empieza un tiempo de estudio y an\u00e1lisis de la realidad de nuestra parroquia. Nos encontramos en un proceso de transformaci\u00f3n social y c\u00edvica muy profundo, y nuestra comunidad cristiana no puede deso\u00edr estos signos de los tiempos que nos piden una adaptaci\u00f3n a las exigencias y necesidades de los hombres y&#8230;<\/p>\n<p> <a class=\"continue-reading-link\" href=\"https:\/\/iglesia-en-villar.es\/blog\/2020\/10\/24\/editorial-37\/\"><span>Leer m\u00e1s<\/span><i class=\"crycon-right-dir\"><\/i><\/a> <\/p>\n","protected":false},"author":53745,"featured_media":7927,"comment_status":"open","ping_status":"open","sticky":false,"template":"","format":"standard","meta":{"inline_featured_image":false,"footnotes":""},"categories":[13],"tags":[],"class_list":["post-7928","post","type-post","status-publish","format-standard","has-post-thumbnail","hentry","category-editorial"],"better_featured_image":{"id":7927,"alt_text":"","caption":"","description":"","media_type":"image","media_details":{"width":281,"height":400,"file":"2020\/10\/imagen-HP.jpg","sizes":{"medium":{"file":"imagen-HP-211x300.jpg","width":211,"height":300,"mime-type":"image\/jpeg","source_url":"https:\/\/iglesia-en-villar.es\/blog\/wp-content\/uploads\/2020\/10\/imagen-HP-211x300.jpg"},"thumbnail":{"file":"imagen-HP-150x150.jpg","width":150,"height":150,"mime-type":"image\/jpeg","source_url":"https:\/\/iglesia-en-villar.es\/blog\/wp-content\/uploads\/2020\/10\/imagen-HP-150x150.jpg"},"post-thumbnail":{"file":"imagen-HP-105x150.jpg","width":105,"height":150,"mime-type":"image\/jpeg","source_url":"https:\/\/iglesia-en-villar.es\/blog\/wp-content\/uploads\/2020\/10\/imagen-HP-105x150.jpg"},"header":{"file":"imagen-HP-281x230.jpg","width":281,"height":230,"mime-type":"image\/jpeg","source_url":"https:\/\/iglesia-en-villar.es\/blog\/wp-content\/uploads\/2020\/10\/imagen-HP-281x230.jpg"},"columns":{"file":"imagen-HP-281x300.jpg","width":281,"height":300,"mime-type":"image\/jpeg","source_url":"https:\/\/iglesia-en-villar.es\/blog\/wp-content\/uploads\/2020\/10\/imagen-HP-281x300.jpg"},"custom":{"file":"imagen-HP-250x356.jpg","width":250,"height":356,"mime-type":"image\/jpeg","source_url":"https:\/\/iglesia-en-villar.es\/blog\/wp-content\/uploads\/2020\/10\/imagen-HP-250x356.jpg"}},"image_meta":{"aperture":"0","credit":"","camera":"","caption":"","created_timestamp":"0","copyright":"","focal_length":"0","iso":"0","shutter_speed":"0","title":"","orientation":"0","keywords":[]}},"post":null,"source_url":"https:\/\/iglesia-en-villar.es\/blog\/wp-content\/uploads\/2020\/10\/imagen-HP.jpg"},"read":true,"_links":{"self":[{"href":"https:\/\/iglesia-en-villar.es\/blog\/wp-json\/wp\/v2\/posts\/7928","targetHints":{"allow":["GET"]}}],"collection":[{"href":"https:\/\/iglesia-en-villar.es\/blog\/wp-json\/wp\/v2\/posts"}],"about":[{"href":"https:\/\/iglesia-en-villar.es\/blog\/wp-json\/wp\/v2\/types\/post"}],"author":[{"embeddable":true,"href":"https:\/\/iglesia-en-villar.es\/blog\/wp-json\/wp\/v2\/users\/53745"}],"replies":[{"embeddable":true,"href":"https:\/\/iglesia-en-villar.es\/blog\/wp-json\/wp\/v2\/comments?post=7928"}],"version-history":[{"count":1,"href":"https:\/\/iglesia-en-villar.es\/blog\/wp-json\/wp\/v2\/posts\/7928\/revisions"}],"predecessor-version":[{"id":7929,"href":"https:\/\/iglesia-en-villar.es\/blog\/wp-json\/wp\/v2\/posts\/7928\/revisions\/7929"}],"wp:featuredmedia":[{"embeddable":true,"href":"https:\/\/iglesia-en-villar.es\/blog\/wp-json\/wp\/v2\/media\/7927"}],"wp:attachment":[{"href":"https:\/\/iglesia-en-villar.es\/blog\/wp-json\/wp\/v2\/media?parent=7928"}],"wp:term":[{"taxonomy":"category","embeddable":true,"href":"https:\/\/iglesia-en-villar.es\/blog\/wp-json\/wp\/v2\/categories?post=7928"},{"taxonomy":"post_tag","embeddable":true,"href":"https:\/\/iglesia-en-villar.es\/blog\/wp-json\/wp\/v2\/tags?post=7928"}],"curies":[{"name":"wp","href":"https:\/\/api.w.org\/{rel}","templated":true}]}}