{"id":7979,"date":"2020-11-23T17:38:57","date_gmt":"2020-11-23T16:38:57","guid":{"rendered":"https:\/\/iglesia-en-villar.es\/blog\/?p=7979"},"modified":"2020-11-23T17:38:59","modified_gmt":"2020-11-23T16:38:59","slug":"intenciones-de-misa-42","status":"publish","type":"post","link":"https:\/\/iglesia-en-villar.es\/blog\/2020\/11\/23\/intenciones-de-misa-42\/","title":{"rendered":"Intenciones de Misa"},"content":{"rendered":"\n<p><strong>LUNES D\u00cdA 23<\/strong><\/p>\n\n\n\n<p>17 H. CONVENTO<\/p>\n\n\n\n<p>18,30 H. TEMPLO<\/p>\n\n\n\n<p>Sufragio de Paco y Paz.<\/p>\n\n\n\n<p><strong>MARTES <\/strong><strong>D\u00cdA<\/strong><strong>24<\/strong><\/p>\n\n\n\n<p>8,30 H. CONVENTO<\/p>\n\n\n\n<p>19 H. TEMPLO<\/p>\n\n\n\n<p>Por los Enfermos \u2013 Sufragio de: Nardi Aparicio Iba\u00f1ez \u2013 Juan Suay Zarzoso \u2013 Gloria Molina L\u00e1zaro \u2013 Manuel Luque Diaz \u2013 Josefa Vergara Bueno \u2013 Difuntos Cofrad\u00eda Virgen de la Paz.<\/p>\n\n\n\n<p><strong>MI\u00c9RCOLES D\u00cdA 25<\/strong><\/p>\n\n\n\n<p>8,30 H. CONVENTO.<\/p>\n\n\n\n<p>19 H. TEMPLO<\/p>\n\n\n\n<p><strong>ANIVERSARIO FUNERAL DE ANTONIO SANZ P\u00c9REZ.<\/strong><\/p>\n\n\n\n<p><strong>JUEVES D\u00cdA 26<\/strong><\/p>\n\n\n\n<p>8,30 H. CONVENTO.<\/p>\n\n\n\n<p>19 H. TEMPLO<\/p>\n\n\n\n<p>Sufragio de: Ernesto Quilez \u2013 Padre Bercaux.<\/p>\n\n\n\n<p><strong>VIERNES D\u00cdA 27<\/strong><\/p>\n\n\n\n<p>8,30 H. CONVENTO.<\/p>\n\n\n\n<p>19 H. TEMPLO.<\/p>\n\n\n\n<p>Accion de Gracias al Angel de la Guarda.<\/p>\n\n\n\n<p><strong>S\u00c1BADO D\u00cdA 28<\/strong><\/p>\n\n\n\n<p>8,30 H. CONVENTO.<\/p>\n\n\n\n<p>19,30 H. TEMPLO<\/p>\n\n\n\n<p>Sufragio de: Difuntos de Paz \u2013 Manuela Anton y Jose Tortajada \u2013 Francisco Tomas y Maria Antonia Arcon.<\/p>\n\n\n\n<p><strong>DOMINGO D\u00cdA 29<\/strong><\/p>\n\n\n\n<p>9 H. CONVENTO.<\/p>\n\n\n\n<p>12,30 H TEMPO<\/p>\n\n\n\n<p>Misa Pro-populo.<\/p>\n","protected":false},"excerpt":{"rendered":"<p>LUNES D\u00cdA 23 17 H. CONVENTO 18,30 H. TEMPLO Sufragio de Paco y Paz. MARTES D\u00cdA24 8,30 H. CONVENTO 19 H. TEMPLO Por los Enfermos \u2013 Sufragio de: Nardi Aparicio Iba\u00f1ez \u2013 Juan Suay Zarzoso \u2013 Gloria Molina L\u00e1zaro \u2013 Manuel Luque Diaz \u2013 Josefa Vergara Bueno \u2013 Difuntos Cofrad\u00eda Virgen de la Paz. MI\u00c9RCOLES D\u00cdA 25 8,30 H. CONVENTO&#8230;.<\/p>\n<p> <a class=\"continue-reading-link\" href=\"https:\/\/iglesia-en-villar.es\/blog\/2020\/11\/23\/intenciones-de-misa-42\/\"><span>Leer m\u00e1s<\/span><i class=\"crycon-right-dir\"><\/i><\/a> <\/p>\n","protected":false},"author":53745,"featured_media":0,"comment_status":"open","ping_status":"open","sticky":false,"template":"","format":"standard","meta":{"inline_featured_image":false,"footnotes":""},"categories":[3],"tags":[],"class_list":["post-7979","post","type-post","status-publish","format-standard","hentry","category-intenciones"],"better_featured_image":null,"read":true,"_links":{"self":[{"href":"https:\/\/iglesia-en-villar.es\/blog\/wp-json\/wp\/v2\/posts\/7979","targetHints":{"allow":["GET"]}}],"collection":[{"href":"https:\/\/iglesia-en-villar.es\/blog\/wp-json\/wp\/v2\/posts"}],"about":[{"href":"https:\/\/iglesia-en-villar.es\/blog\/wp-json\/wp\/v2\/types\/post"}],"author":[{"embeddable":true,"href":"https:\/\/iglesia-en-villar.es\/blog\/wp-json\/wp\/v2\/users\/53745"}],"replies":[{"embeddable":true,"href":"https:\/\/iglesia-en-villar.es\/blog\/wp-json\/wp\/v2\/comments?post=7979"}],"version-history":[{"count":1,"href":"https:\/\/iglesia-en-villar.es\/blog\/wp-json\/wp\/v2\/posts\/7979\/revisions"}],"predecessor-version":[{"id":7980,"href":"https:\/\/iglesia-en-villar.es\/blog\/wp-json\/wp\/v2\/posts\/7979\/revisions\/7980"}],"wp:attachment":[{"href":"https:\/\/iglesia-en-villar.es\/blog\/wp-json\/wp\/v2\/media?parent=7979"}],"wp:term":[{"taxonomy":"category","embeddable":true,"href":"https:\/\/iglesia-en-villar.es\/blog\/wp-json\/wp\/v2\/categories?post=7979"},{"taxonomy":"post_tag","embeddable":true,"href":"https:\/\/iglesia-en-villar.es\/blog\/wp-json\/wp\/v2\/tags?post=7979"}],"curies":[{"name":"wp","href":"https:\/\/api.w.org\/{rel}","templated":true}]}}