{"id":8002,"date":"2020-12-11T12:41:51","date_gmt":"2020-12-11T11:41:51","guid":{"rendered":"https:\/\/iglesia-en-villar.es\/blog\/?p=8002"},"modified":"2020-12-11T12:41:53","modified_gmt":"2020-12-11T11:41:53","slug":"avisos-40","status":"publish","type":"post","link":"https:\/\/iglesia-en-villar.es\/blog\/2020\/12\/11\/avisos-40\/","title":{"rendered":"Avisos"},"content":{"rendered":"\n<p><strong>\u00a1PAZ A VOSOTROS!<\/strong><\/p>\n\n\n\n<p><strong>Servicio de informaci\u00f3n parroquial v\u00eda WhatsApp<\/strong><\/p>\n\n\n\n<p>Querida comunidad, el pasado d\u00eda 29, aprovechando que celebr\u00e1bamos el primer Domingo de Adviento se puso en marcha un nuevo servicio de informaci\u00f3n parroquial a trav\u00e9s de la aplicaci\u00f3n m\u00f3vil WhatsApp.<\/p>\n\n\n\n<p>Esta iniciativa tiene como objetivo unirnos e informar de todas las actividades propuestas cada semana en nuestra comunidad.<\/p>\n\n\n\n<p>La iglesia en Villar es un pueblo en marcha, que camina siguiendo los pasos del Evangelio. Por ello, no dejamos de trabajar, con el deseo de dar testimonio de Jesucristo en nuestro mundo y en nuestro pueblo.<\/p>\n\n\n\n<p>Con este servicio, cada domingo recibir\u00e9is la agenda semanal, para recordar aquello que vamos a llevar a cabo durante los d\u00edas siguientes y facilitar as\u00ed nuestra implicaci\u00f3n en la vida parroquial.<\/p>\n\n\n\n<p>Darse de alta en este servicio es muy sencillo:<\/p>\n\n\n\n<p>&#8211; Crea un nuevo contacto en tu tel\u00e9fono con el nombre \u201cParroquia Ntra. Sra. De la Paz\u201d y el n\u00famero \u201c698 965 113\u201d<\/p>\n\n\n\n<p>&#8211; Env\u00eda un WhatsApp a este contacto con la palabra \u201cALTA\u201d<\/p>\n","protected":false},"excerpt":{"rendered":"<p>\u00a1PAZ A VOSOTROS! Servicio de informaci\u00f3n parroquial v\u00eda WhatsApp Querida comunidad, el pasado d\u00eda 29, aprovechando que celebr\u00e1bamos el primer Domingo de Adviento se puso en marcha un nuevo servicio de informaci\u00f3n parroquial a trav\u00e9s de la aplicaci\u00f3n m\u00f3vil WhatsApp. Esta iniciativa tiene como objetivo unirnos e informar de todas las actividades propuestas cada semana en nuestra comunidad. La iglesia&#8230;<\/p>\n<p> <a class=\"continue-reading-link\" href=\"https:\/\/iglesia-en-villar.es\/blog\/2020\/12\/11\/avisos-40\/\"><span>Leer m\u00e1s<\/span><i class=\"crycon-right-dir\"><\/i><\/a> <\/p>\n","protected":false},"author":53745,"featured_media":0,"comment_status":"open","ping_status":"open","sticky":false,"template":"","format":"standard","meta":{"inline_featured_image":false,"footnotes":""},"categories":[10],"tags":[],"class_list":["post-8002","post","type-post","status-publish","format-standard","hentry","category-avisos"],"better_featured_image":null,"read":true,"_links":{"self":[{"href":"https:\/\/iglesia-en-villar.es\/blog\/wp-json\/wp\/v2\/posts\/8002","targetHints":{"allow":["GET"]}}],"collection":[{"href":"https:\/\/iglesia-en-villar.es\/blog\/wp-json\/wp\/v2\/posts"}],"about":[{"href":"https:\/\/iglesia-en-villar.es\/blog\/wp-json\/wp\/v2\/types\/post"}],"author":[{"embeddable":true,"href":"https:\/\/iglesia-en-villar.es\/blog\/wp-json\/wp\/v2\/users\/53745"}],"replies":[{"embeddable":true,"href":"https:\/\/iglesia-en-villar.es\/blog\/wp-json\/wp\/v2\/comments?post=8002"}],"version-history":[{"count":1,"href":"https:\/\/iglesia-en-villar.es\/blog\/wp-json\/wp\/v2\/posts\/8002\/revisions"}],"predecessor-version":[{"id":8003,"href":"https:\/\/iglesia-en-villar.es\/blog\/wp-json\/wp\/v2\/posts\/8002\/revisions\/8003"}],"wp:attachment":[{"href":"https:\/\/iglesia-en-villar.es\/blog\/wp-json\/wp\/v2\/media?parent=8002"}],"wp:term":[{"taxonomy":"category","embeddable":true,"href":"https:\/\/iglesia-en-villar.es\/blog\/wp-json\/wp\/v2\/categories?post=8002"},{"taxonomy":"post_tag","embeddable":true,"href":"https:\/\/iglesia-en-villar.es\/blog\/wp-json\/wp\/v2\/tags?post=8002"}],"curies":[{"name":"wp","href":"https:\/\/api.w.org\/{rel}","templated":true}]}}