{"id":8017,"date":"2020-12-11T13:02:02","date_gmt":"2020-12-11T12:02:02","guid":{"rendered":"https:\/\/iglesia-en-villar.es\/blog\/?p=8017"},"modified":"2020-12-11T13:02:04","modified_gmt":"2020-12-11T12:02:04","slug":"avisos-41","status":"publish","type":"post","link":"https:\/\/iglesia-en-villar.es\/blog\/2020\/12\/11\/avisos-41\/","title":{"rendered":"Avisos"},"content":{"rendered":"\n<p><strong>FESTIVIDAD DE SAN JUAN DE LA CRUZ.<\/strong><\/p>\n\n\n\n<p>El pr\u00f3ximo lunes d\u00eda 14 de Diciembre las Hermanas Carmelitas, celebraran la fiesta de San Juan de la Cruz, nos invitan a participar de la celebraci\u00f3n de la Eucarist\u00eda acompa\u00f1emoslas en esta celebraci\u00f3n.<\/p>\n\n\n\n<p><strong>BENDICI\u00d3N IM\u00c1GENES DEL NI\u00d1O JES\u00daS.<\/strong><\/p>\n\n\n\n<p>El pr\u00f3ximo domingo 20 de Diciembre, en la misa de Familias bendeciremos las im\u00e1genes del ni\u00f1o Jes\u00fas de los Belenes Familiares..<\/p>\n\n\n\n<p><strong>CARITAS<\/strong><\/p>\n\n\n\n<p>C\u00f3mo es tradicional en C\u00e1ritas,por estas fechas estar\u00edamos preparado la \u00abCampa\u00f1a de Recogida de Alimentos\u00bb por toda la poblaci\u00f3n.<\/p>\n\n\n\n<p>Tambi\u00e9n nos ha llegado las restricciones de la pandemia. NO podemos pasar por vuestras casas a<\/p>\n\n\n\n<p>recoger los alimentos que nos donais y que tanta falta nos hacen en estos momentos.<\/p>\n\n\n\n<p>Por eso,la semana pasada pusimos en marcha la \u00abCampa\u00f1a del ticket solidario\u00bb, tickets de 5\u20ac y 10\u20ac cuya recaudaci\u00f3n se destinar\u00e1 a la compra de alimentos parar ayudar a las 30 familias que estamos<\/p>\n\n\n\n<p>atendiendo en la actualidad.<\/p>\n\n\n\n<p>Queremos agradecer la gran acogida que ha tenido esta campa\u00f1a,sois muchos los que ya hab\u00e9is colaborado, GRACIAS.<\/p>\n\n\n\n<p>Pero a\u00fan podemos hacer un esfuerzo m\u00e1s.<\/p>\n\n\n\n<p>Los S\u00e1bados y Domingos, en horario de misa, estaremos vendiendo los tickets en la Iglesia, tambi\u00e9n os pod\u00e9is poner en contacto con los voluntarios que os los proporcionaran.<\/p>\n\n\n\n<p>Somos un pueblo muy solidario y CADA GESTO CUENTA.<\/p>\n\n\n\n<p>AY\u00daDANOS A AYUDAR.<\/p>\n","protected":false},"excerpt":{"rendered":"<p>FESTIVIDAD DE SAN JUAN DE LA CRUZ. El pr\u00f3ximo lunes d\u00eda 14 de Diciembre las Hermanas Carmelitas, celebraran la fiesta de San Juan de la Cruz, nos invitan a participar de la celebraci\u00f3n de la Eucarist\u00eda acompa\u00f1emoslas en esta celebraci\u00f3n. BENDICI\u00d3N IM\u00c1GENES DEL NI\u00d1O JES\u00daS. El pr\u00f3ximo domingo 20 de Diciembre, en la misa de Familias bendeciremos las im\u00e1genes del&#8230;<\/p>\n<p> <a class=\"continue-reading-link\" href=\"https:\/\/iglesia-en-villar.es\/blog\/2020\/12\/11\/avisos-41\/\"><span>Leer m\u00e1s<\/span><i class=\"crycon-right-dir\"><\/i><\/a> <\/p>\n","protected":false},"author":53745,"featured_media":0,"comment_status":"open","ping_status":"open","sticky":false,"template":"","format":"standard","meta":{"inline_featured_image":false,"footnotes":""},"categories":[10],"tags":[],"class_list":["post-8017","post","type-post","status-publish","format-standard","hentry","category-avisos"],"better_featured_image":null,"read":true,"_links":{"self":[{"href":"https:\/\/iglesia-en-villar.es\/blog\/wp-json\/wp\/v2\/posts\/8017","targetHints":{"allow":["GET"]}}],"collection":[{"href":"https:\/\/iglesia-en-villar.es\/blog\/wp-json\/wp\/v2\/posts"}],"about":[{"href":"https:\/\/iglesia-en-villar.es\/blog\/wp-json\/wp\/v2\/types\/post"}],"author":[{"embeddable":true,"href":"https:\/\/iglesia-en-villar.es\/blog\/wp-json\/wp\/v2\/users\/53745"}],"replies":[{"embeddable":true,"href":"https:\/\/iglesia-en-villar.es\/blog\/wp-json\/wp\/v2\/comments?post=8017"}],"version-history":[{"count":1,"href":"https:\/\/iglesia-en-villar.es\/blog\/wp-json\/wp\/v2\/posts\/8017\/revisions"}],"predecessor-version":[{"id":8018,"href":"https:\/\/iglesia-en-villar.es\/blog\/wp-json\/wp\/v2\/posts\/8017\/revisions\/8018"}],"wp:attachment":[{"href":"https:\/\/iglesia-en-villar.es\/blog\/wp-json\/wp\/v2\/media?parent=8017"}],"wp:term":[{"taxonomy":"category","embeddable":true,"href":"https:\/\/iglesia-en-villar.es\/blog\/wp-json\/wp\/v2\/categories?post=8017"},{"taxonomy":"post_tag","embeddable":true,"href":"https:\/\/iglesia-en-villar.es\/blog\/wp-json\/wp\/v2\/tags?post=8017"}],"curies":[{"name":"wp","href":"https:\/\/api.w.org\/{rel}","templated":true}]}}