{"id":8031,"date":"2020-12-18T12:31:02","date_gmt":"2020-12-18T11:31:02","guid":{"rendered":"https:\/\/iglesia-en-villar.es\/blog\/?p=8031"},"modified":"2020-12-18T12:31:04","modified_gmt":"2020-12-18T11:31:04","slug":"intenciones-de-misa-45","status":"publish","type":"post","link":"https:\/\/iglesia-en-villar.es\/blog\/2020\/12\/18\/intenciones-de-misa-45\/","title":{"rendered":"Intenciones de Misa"},"content":{"rendered":"\n<p><strong>LUNES D\u00cdA 21<\/strong><\/p>\n\n\n\n<p>17 H. CONVENTO<\/p>\n\n\n\n<p>19 H. TEMPLO<\/p>\n\n\n\n<p>Sufragio de: Gloria y Difuntos de Paz Garc\u00eda \u2013 M. Asunci\u00f3n Pallares P\u00e9rez.<\/p>\n\n\n\n<p><strong>MARTES <\/strong><strong>D\u00cdA<\/strong><strong>22<\/strong><\/p>\n\n\n\n<p>8,30 H. CONVENTO<\/p>\n\n\n\n<p>19 H. TEMPLO<\/p>\n\n\n\n<p>Por los Enfermos \u2013 Sufragio de Josefina Garc\u00eda L\u00f3pez de su Hija Anita.<\/p>\n\n\n\n<p><strong>MI\u00c9RCOLES D\u00cdA 23<\/strong><\/p>\n\n\n\n<p>8,30 H. CONVENTO.<\/p>\n\n\n\n<p>19 H. TEMPLO<\/p>\n\n\n\n<p>Sufragio de: Paco y Paz \u2013 Jes\u00fas Minguez Tortajada y Padres.<\/p>\n\n\n\n<p><strong>JUEVES D\u00cdA 24 NOCHEBUENA<\/strong><\/p>\n\n\n\n<p>8,30 H. CONVENTO.<\/p>\n\n\n\n<p><strong>23,30 H. TEMPLO MISA DEL GALLO.<\/strong><\/p>\n\n\n\n<p><strong>Difuntos Cofrad\u00eda Virgen de la Paz<\/strong><\/p>\n\n\n\n<p><strong>VIERNES D\u00cdA 25 NAVIDAD<\/strong><\/p>\n\n\n\n<p><strong>9 H. CONVENTO.<\/strong><\/p>\n\n\n\n<p><strong>12<\/strong><strong> H. TEMPLO.<\/strong><\/p>\n\n\n\n<p><strong>MISA SOLEMNE DE LA NATIVIDAD DEL SE\u00d1OR<\/strong><\/p>\n\n\n\n<p><strong>S\u00c1BADO D\u00cdA 26<\/strong><\/p>\n\n\n\n<p>8,30 H. CONVENTO.<\/p>\n\n\n\n<p>19,30 H. TEMPLO<\/p>\n\n\n\n<p>Sufragio de: Difuntos de Paz \u2013 Manuela Ant\u00f3n y Jos\u00e9 Tortajada \u2013 Fernando y Josefina y su hijo Jos\u00e9 Luis de su hija y hermana Anita.<\/p>\n\n\n\n<p><strong>DOMINGO D\u00cdA 27 D\u00cdA DE LA FAMILIA<\/strong><\/p>\n\n\n\n<p>9 H. CONVENTO.<\/p>\n\n\n\n<p>12 H TEMPO<\/p>\n\n\n\n<p>Misa de Familia.<\/p>\n","protected":false},"excerpt":{"rendered":"<p>LUNES D\u00cdA 21 17 H. CONVENTO 19 H. TEMPLO Sufragio de: Gloria y Difuntos de Paz Garc\u00eda \u2013 M. Asunci\u00f3n Pallares P\u00e9rez. MARTES D\u00cdA22 8,30 H. CONVENTO 19 H. TEMPLO Por los Enfermos \u2013 Sufragio de Josefina Garc\u00eda L\u00f3pez de su Hija Anita. MI\u00c9RCOLES D\u00cdA 23 8,30 H. CONVENTO. 19 H. TEMPLO Sufragio de: Paco y Paz \u2013 Jes\u00fas Minguez&#8230;<\/p>\n<p> <a class=\"continue-reading-link\" href=\"https:\/\/iglesia-en-villar.es\/blog\/2020\/12\/18\/intenciones-de-misa-45\/\"><span>Leer m\u00e1s<\/span><i class=\"crycon-right-dir\"><\/i><\/a> <\/p>\n","protected":false},"author":53745,"featured_media":0,"comment_status":"open","ping_status":"open","sticky":false,"template":"","format":"standard","meta":{"inline_featured_image":false,"footnotes":""},"categories":[3],"tags":[],"class_list":["post-8031","post","type-post","status-publish","format-standard","hentry","category-intenciones"],"better_featured_image":null,"read":true,"_links":{"self":[{"href":"https:\/\/iglesia-en-villar.es\/blog\/wp-json\/wp\/v2\/posts\/8031","targetHints":{"allow":["GET"]}}],"collection":[{"href":"https:\/\/iglesia-en-villar.es\/blog\/wp-json\/wp\/v2\/posts"}],"about":[{"href":"https:\/\/iglesia-en-villar.es\/blog\/wp-json\/wp\/v2\/types\/post"}],"author":[{"embeddable":true,"href":"https:\/\/iglesia-en-villar.es\/blog\/wp-json\/wp\/v2\/users\/53745"}],"replies":[{"embeddable":true,"href":"https:\/\/iglesia-en-villar.es\/blog\/wp-json\/wp\/v2\/comments?post=8031"}],"version-history":[{"count":1,"href":"https:\/\/iglesia-en-villar.es\/blog\/wp-json\/wp\/v2\/posts\/8031\/revisions"}],"predecessor-version":[{"id":8032,"href":"https:\/\/iglesia-en-villar.es\/blog\/wp-json\/wp\/v2\/posts\/8031\/revisions\/8032"}],"wp:attachment":[{"href":"https:\/\/iglesia-en-villar.es\/blog\/wp-json\/wp\/v2\/media?parent=8031"}],"wp:term":[{"taxonomy":"category","embeddable":true,"href":"https:\/\/iglesia-en-villar.es\/blog\/wp-json\/wp\/v2\/categories?post=8031"},{"taxonomy":"post_tag","embeddable":true,"href":"https:\/\/iglesia-en-villar.es\/blog\/wp-json\/wp\/v2\/tags?post=8031"}],"curies":[{"name":"wp","href":"https:\/\/api.w.org\/{rel}","templated":true}]}}