{"id":8044,"date":"2020-12-30T13:46:52","date_gmt":"2020-12-30T12:46:52","guid":{"rendered":"https:\/\/iglesia-en-villar.es\/blog\/?p=8044"},"modified":"2020-12-30T13:46:54","modified_gmt":"2020-12-30T12:46:54","slug":"rincon-carmelitano-53","status":"publish","type":"post","link":"https:\/\/iglesia-en-villar.es\/blog\/2020\/12\/30\/rincon-carmelitano-53\/","title":{"rendered":"Rinc\u00f3n Carmelitano"},"content":{"rendered":"\n<p><strong>El d\u00eda mundial de la paz y.\u00a1Santa Mar\u00eda Madre de Dios!<\/strong><\/p>\n\n\n\n<p>El d\u00eda 1 de enero, el viernes pr\u00f3ximo, celebramos : el comienzo del a\u00f1o civil, el d\u00eda mundial de la paz y&#8230;<\/p>\n\n\n\n<p>\u00a1Santa Mar\u00eda Madre de Dios!. Nos felicitamos efusivamente el comienzo del a\u00f1o, cosa que est\u00e1 muy bien, rezamos y deseamos para todos la paz, todav\u00eda mejor; pero aun m\u00e1s y mejor que ambas cosas, es tener a Mar\u00eda por Madre. Ella nos quiere con el mismo amor que ama a su Hijo, pues somos miembros de su cuerpo.<\/p>\n\n\n\n<p>Por ley natural la mayor parte de los humanos tenemos que sufrir el alejamiento temporal de nuestra madre biol\u00f3gica. Parten para la eternidad. De alguna manera ya han cumplido su misi\u00f3n con nosotros. Sin embargo tenemos siempre la necesidad de una madre que nos acoja, que nos consuele, que nos comprenda, y cuanto m\u00e1s avanza la vida, parece que mayor es esta necesidad. Pues ah\u00ed tenemos a Mar\u00eda, para ella siempre somos sus hijos peque\u00f1os. Siempre podemos descansar entre sus brazos cuando el cansancio aprieta. Tiene para cada uno la ternura y solicitud que tuvo para Jes\u00fas. No nos pasan inadvertidas las celebraciones de la Inmaculada Concepci\u00f3n o de la Asunci\u00f3n de Mar\u00eda, pero esta solemnidad de la maternidad en una jornada que celebra tambi\u00e9n otras cosas, aun en el apogeo de las fiestas navide\u00f1as, suele pasar bastante desapercibida, cuando, de alguna manera, es la que nos ata\u00f1e m\u00e1s de cerca : \u00a1la maternidad de Mar\u00eda!. Es una buena oportunidad de reavivar nuestros sentimientos filiales respecto a ella. Ejercer\u00e1 como madre en la medida que se lo permitamos, no violenta nada, es muy respetuosa con la libertad de sus hijos. Deseemos y pidamos que podamos vivir de verdad esta filiaci\u00f3n, como la vivi\u00f3 Jes\u00fas. Cuando a El ya no le quedaba nada por darnos, nos di\u00f3 a su Madre, y queremos acogerla como tal. Y este a\u00f1o dedicado a San Jos\u00e9, tambi\u00e9n a \u00e9l.<\/p>\n\n\n\n<p>De nuevo :<\/p>\n\n\n\n<p><strong>FELIZ NAVIDAD PARA TODOS DE TODAS<\/strong> <strong>NOSOTRAS CON TODO NUESTRO AFECTO :<\/strong> Hermanas Carmelitas<\/p>\n","protected":false},"excerpt":{"rendered":"<p>El d\u00eda mundial de la paz y.\u00a1Santa Mar\u00eda Madre de Dios! El d\u00eda 1 de enero, el viernes pr\u00f3ximo, celebramos : el comienzo del a\u00f1o civil, el d\u00eda mundial de la paz y&#8230; \u00a1Santa Mar\u00eda Madre de Dios!. Nos felicitamos efusivamente el comienzo del a\u00f1o, cosa que est\u00e1 muy bien, rezamos y deseamos para todos la paz, todav\u00eda mejor; pero&#8230;<\/p>\n<p> <a class=\"continue-reading-link\" href=\"https:\/\/iglesia-en-villar.es\/blog\/2020\/12\/30\/rincon-carmelitano-53\/\"><span>Leer m\u00e1s<\/span><i class=\"crycon-right-dir\"><\/i><\/a> <\/p>\n","protected":false},"author":53745,"featured_media":0,"comment_status":"open","ping_status":"open","sticky":false,"template":"","format":"standard","meta":{"inline_featured_image":false,"footnotes":""},"categories":[5],"tags":[],"class_list":["post-8044","post","type-post","status-publish","format-standard","hentry","category-monasterio"],"better_featured_image":null,"read":true,"_links":{"self":[{"href":"https:\/\/iglesia-en-villar.es\/blog\/wp-json\/wp\/v2\/posts\/8044","targetHints":{"allow":["GET"]}}],"collection":[{"href":"https:\/\/iglesia-en-villar.es\/blog\/wp-json\/wp\/v2\/posts"}],"about":[{"href":"https:\/\/iglesia-en-villar.es\/blog\/wp-json\/wp\/v2\/types\/post"}],"author":[{"embeddable":true,"href":"https:\/\/iglesia-en-villar.es\/blog\/wp-json\/wp\/v2\/users\/53745"}],"replies":[{"embeddable":true,"href":"https:\/\/iglesia-en-villar.es\/blog\/wp-json\/wp\/v2\/comments?post=8044"}],"version-history":[{"count":1,"href":"https:\/\/iglesia-en-villar.es\/blog\/wp-json\/wp\/v2\/posts\/8044\/revisions"}],"predecessor-version":[{"id":8045,"href":"https:\/\/iglesia-en-villar.es\/blog\/wp-json\/wp\/v2\/posts\/8044\/revisions\/8045"}],"wp:attachment":[{"href":"https:\/\/iglesia-en-villar.es\/blog\/wp-json\/wp\/v2\/media?parent=8044"}],"wp:term":[{"taxonomy":"category","embeddable":true,"href":"https:\/\/iglesia-en-villar.es\/blog\/wp-json\/wp\/v2\/categories?post=8044"},{"taxonomy":"post_tag","embeddable":true,"href":"https:\/\/iglesia-en-villar.es\/blog\/wp-json\/wp\/v2\/tags?post=8044"}],"curies":[{"name":"wp","href":"https:\/\/api.w.org\/{rel}","templated":true}]}}