{"id":8072,"date":"2021-01-09T12:14:21","date_gmt":"2021-01-09T11:14:21","guid":{"rendered":"https:\/\/iglesia-en-villar.es\/blog\/?p=8072"},"modified":"2021-01-09T12:14:49","modified_gmt":"2021-01-09T11:14:49","slug":"avisos-45","status":"publish","type":"post","link":"https:\/\/iglesia-en-villar.es\/blog\/2021\/01\/09\/avisos-45\/","title":{"rendered":"Avisos"},"content":{"rendered":"\n<p class=\"has-text-align-center\"><strong>Intenciones de misas<\/strong><\/p>\n\n\n\n<p>Desde la parroquia este a\u00f1o queremos dar la posibilidad de ofrecer todas las misas del Novenario a la Virgen de la Paz en sufragio de alg\u00fan difunto o familia, o por una intenci\u00f3n particular por 30 \u20ac. Pod\u00e9is apuntar en la Sacrist\u00eda o en el despacho parroquial.<\/p>\n\n\n","protected":false},"excerpt":{"rendered":"<p>Intenciones de misas Desde la parroquia este a\u00f1o queremos dar la posibilidad de ofrecer todas las misas del Novenario a la Virgen de la Paz en sufragio de alg\u00fan difunto o familia, o por una intenci\u00f3n particular por 30 \u20ac. Pod\u00e9is apuntar en la Sacrist\u00eda o en el despacho parroquial.<\/p>\n<p> <a class=\"continue-reading-link\" href=\"https:\/\/iglesia-en-villar.es\/blog\/2021\/01\/09\/avisos-45\/\"><span>Leer m\u00e1s<\/span><i class=\"crycon-right-dir\"><\/i><\/a> <\/p>\n","protected":false},"author":53745,"featured_media":0,"comment_status":"open","ping_status":"open","sticky":false,"template":"","format":"standard","meta":{"inline_featured_image":false,"footnotes":""},"categories":[10],"tags":[],"class_list":["post-8072","post","type-post","status-publish","format-standard","hentry","category-avisos"],"better_featured_image":null,"read":true,"_links":{"self":[{"href":"https:\/\/iglesia-en-villar.es\/blog\/wp-json\/wp\/v2\/posts\/8072","targetHints":{"allow":["GET"]}}],"collection":[{"href":"https:\/\/iglesia-en-villar.es\/blog\/wp-json\/wp\/v2\/posts"}],"about":[{"href":"https:\/\/iglesia-en-villar.es\/blog\/wp-json\/wp\/v2\/types\/post"}],"author":[{"embeddable":true,"href":"https:\/\/iglesia-en-villar.es\/blog\/wp-json\/wp\/v2\/users\/53745"}],"replies":[{"embeddable":true,"href":"https:\/\/iglesia-en-villar.es\/blog\/wp-json\/wp\/v2\/comments?post=8072"}],"version-history":[{"count":2,"href":"https:\/\/iglesia-en-villar.es\/blog\/wp-json\/wp\/v2\/posts\/8072\/revisions"}],"predecessor-version":[{"id":8074,"href":"https:\/\/iglesia-en-villar.es\/blog\/wp-json\/wp\/v2\/posts\/8072\/revisions\/8074"}],"wp:attachment":[{"href":"https:\/\/iglesia-en-villar.es\/blog\/wp-json\/wp\/v2\/media?parent=8072"}],"wp:term":[{"taxonomy":"category","embeddable":true,"href":"https:\/\/iglesia-en-villar.es\/blog\/wp-json\/wp\/v2\/categories?post=8072"},{"taxonomy":"post_tag","embeddable":true,"href":"https:\/\/iglesia-en-villar.es\/blog\/wp-json\/wp\/v2\/tags?post=8072"}],"curies":[{"name":"wp","href":"https:\/\/api.w.org\/{rel}","templated":true}]}}