{"id":8085,"date":"2021-01-09T12:30:24","date_gmt":"2021-01-09T11:30:24","guid":{"rendered":"https:\/\/iglesia-en-villar.es\/blog\/?p=8085"},"modified":"2021-01-09T12:30:26","modified_gmt":"2021-01-09T11:30:26","slug":"rincon-carmelitano-55","status":"publish","type":"post","link":"https:\/\/iglesia-en-villar.es\/blog\/2021\/01\/09\/rincon-carmelitano-55\/","title":{"rendered":"Rinc\u00f3n Carmelitano"},"content":{"rendered":"\n<p class=\"has-text-align-center\"><strong>YA TERMINA LA NAVIDAD<\/strong><\/p>\n\n\n\n<p>Con este domingo se termina el tiempo lit\u00fargico de Navidad. Una Navidad un tanto at\u00edpica, en la que las familias no han podido reunirse al mismo tiempo; sin embargo el Misterio celebrado no ha sufrido ninguna mengua : Jes\u00fas ha venido, \u00a1y se ha quedado con nosotros!. Si hemos celebrado de veras la Navidad, notaremos que nuestra fe ha crecido, y nuestra relaci\u00f3n con El ser\u00e1 m\u00e1s intensa. Al estilo de Teresa de Jes\u00fas que nos dice:<\/p>\n\n\n\n<p>\u00abComenz\u00f3me mucho mayor amor y confianza de este Se\u00f1or. Ve\u00eda que, aunque era Dios, que era hombre, que no se espanta de las flaquezas de los hombres, que entiende nuestra miserable compostura, sujeta a muchas ca\u00eddas por el primer pecado, que El hab\u00eda venido a reparar.<\/p>\n\n\n\n<p>Puedo tratar como con amigo, aunque es Se\u00f1or, porque entiendo no es como los que ac\u00e1 tenemos por se\u00f1ores, que todo el se\u00f1or\u00edo ponen en autoridades postizas. Ha de haber horas de hablar y se\u00f1aladas personas que los hablen. Si es alg\u00fan pobrecito que tiene alg\u00fan negocio, m\u00e1s rodeos y favores y trabajos le ha de costar tratarlo. M\u00e1s, Se\u00f1or m\u00edo, con vuestra humildad y el amor que mostr\u00e1is, en todo se puede tratar y hablar con vos, como quisi\u00e9remos.\u00bb<\/p>\n\n\n\n<p>No nos ser\u00eda nada f\u00e1cil poder tener una conversaci\u00f3n con el Presidente del gobierno, o con el Papa; pero para tratar y hablar con Dios de lo que queramos y todo el tiempo que deseemos, no tenemos que pedir audiencia, en cualquier sitio, a cualquier hora, El est\u00e1 enteramente disponible para escucharnos, como si no tuviera nada m\u00e1s que hacer: DIOS SIEMPRE DISPUESTO A ESCUCHARME.<\/p>\n\n\n\n<p class=\"has-text-align-right\"><strong>Hermanas Carmelitas<\/strong><\/p>\n","protected":false},"excerpt":{"rendered":"<p>YA TERMINA LA NAVIDAD Con este domingo se termina el tiempo lit\u00fargico de Navidad. Una Navidad un tanto at\u00edpica, en la que las familias no han podido reunirse al mismo tiempo; sin embargo el Misterio celebrado no ha sufrido ninguna mengua : Jes\u00fas ha venido, \u00a1y se ha quedado con nosotros!. Si hemos celebrado de veras la Navidad, notaremos que&#8230;<\/p>\n<p> <a class=\"continue-reading-link\" href=\"https:\/\/iglesia-en-villar.es\/blog\/2021\/01\/09\/rincon-carmelitano-55\/\"><span>Leer m\u00e1s<\/span><i class=\"crycon-right-dir\"><\/i><\/a> <\/p>\n","protected":false},"author":53745,"featured_media":0,"comment_status":"open","ping_status":"open","sticky":false,"template":"","format":"standard","meta":{"inline_featured_image":false,"footnotes":""},"categories":[5],"tags":[],"class_list":["post-8085","post","type-post","status-publish","format-standard","hentry","category-monasterio"],"better_featured_image":null,"read":true,"_links":{"self":[{"href":"https:\/\/iglesia-en-villar.es\/blog\/wp-json\/wp\/v2\/posts\/8085","targetHints":{"allow":["GET"]}}],"collection":[{"href":"https:\/\/iglesia-en-villar.es\/blog\/wp-json\/wp\/v2\/posts"}],"about":[{"href":"https:\/\/iglesia-en-villar.es\/blog\/wp-json\/wp\/v2\/types\/post"}],"author":[{"embeddable":true,"href":"https:\/\/iglesia-en-villar.es\/blog\/wp-json\/wp\/v2\/users\/53745"}],"replies":[{"embeddable":true,"href":"https:\/\/iglesia-en-villar.es\/blog\/wp-json\/wp\/v2\/comments?post=8085"}],"version-history":[{"count":1,"href":"https:\/\/iglesia-en-villar.es\/blog\/wp-json\/wp\/v2\/posts\/8085\/revisions"}],"predecessor-version":[{"id":8086,"href":"https:\/\/iglesia-en-villar.es\/blog\/wp-json\/wp\/v2\/posts\/8085\/revisions\/8086"}],"wp:attachment":[{"href":"https:\/\/iglesia-en-villar.es\/blog\/wp-json\/wp\/v2\/media?parent=8085"}],"wp:term":[{"taxonomy":"category","embeddable":true,"href":"https:\/\/iglesia-en-villar.es\/blog\/wp-json\/wp\/v2\/categories?post=8085"},{"taxonomy":"post_tag","embeddable":true,"href":"https:\/\/iglesia-en-villar.es\/blog\/wp-json\/wp\/v2\/tags?post=8085"}],"curies":[{"name":"wp","href":"https:\/\/api.w.org\/{rel}","templated":true}]}}