{"id":8090,"date":"2021-01-16T12:04:32","date_gmt":"2021-01-16T11:04:32","guid":{"rendered":"https:\/\/iglesia-en-villar.es\/blog\/?p=8090"},"modified":"2021-01-16T12:04:33","modified_gmt":"2021-01-16T11:04:33","slug":"intenciones-de-misas-8","status":"publish","type":"post","link":"https:\/\/iglesia-en-villar.es\/blog\/2021\/01\/16\/intenciones-de-misas-8\/","title":{"rendered":"Intenciones de Misas"},"content":{"rendered":"\n<p><strong>LUNES <\/strong><strong>D\u00cdA<\/strong><strong>1<\/strong><strong>8 <\/strong><strong>QUINTO D\u00cdA DE NOVENA<\/strong><\/p>\n\n\n\n<p>17 H. CONVENTO<\/p>\n\n\n\n<p>19 H. TEMPLO<\/p>\n\n\n\n<p>Sufragio de Rafael Mart\u00ednez Mateo \u2013 Acci\u00f3n de Gracias a la Virgen de la Paz de un devoto \u2013 Acci\u00f3n de Gracias a la Virgen de la Paz de Carmen \u2013 Acci\u00f3n de Gracias a la Virgen de la Paz de Encarna.<\/p>\n\n\n\n<p><strong>MARTES <\/strong><strong>D\u00cdA<\/strong><strong>1<\/strong><strong>9 <\/strong><strong>SEXTO D\u00cdA DE NOVENA<\/strong><\/p>\n\n\n\n<p>8,30 H. CONVENTO<\/p>\n\n\n\n<p>19 H. TEMPLO<\/p>\n\n\n\n<p>Por los Enfermos \u2013 Acci\u00f3n de Gracias a la Virgen de la Paz de una feligresa \u2013 Acci\u00f3n de Gracias de la Familia L\u00f3pez L\u00e1zaro.<\/p>\n\n\n\n<p><strong>MI\u00c9RCOLES D\u00cdA 20 S\u00c9PTIMO D\u00cdA DE NOVENA<\/strong><\/p>\n\n\n\n<p>8,30 H. CONVENTO.<\/p>\n\n\n\n<p>19 H. TEMPLO<\/p>\n\n\n\n<p>Sufragio de: Familia M\u00ednguez Estevan \u2013 Fernando S\u00e1nchez \u2013 Dolores Gonz\u00e1lez de la Vega \u2013 Antonio Romeo.<\/p>\n\n\n\n<p><strong>JUEVES D\u00cdA 21 OCTAVO DIA DE NOVENA<\/strong><\/p>\n\n\n\n<p>8,30 H. CONVENTO.<\/p>\n\n\n\n<p>19 H. TEMPLO<\/p>\n\n\n\n<p>Sufragio de: Matrimonio Vicente Molina y Carmen Ram\u00edrez e hijos Vicente Pascual y Joaqu\u00edn &#8211; Gloria y Difuntos de Paz Garcia \u2013 Acci\u00f3n de Gracias de la Familia L\u00f3pez Garc\u00eda.<\/p>\n\n\n\n<p><strong>VIERNES D\u00cdA 22 NOVENO DIA DE NOVENA<\/strong><\/p>\n\n\n\n<p>8,30 H. CONVENTO.<\/p>\n\n\n\n<p>19 H. TEMPLO.<\/p>\n\n\n\n<p>Sufragio de: Antonio Fabuel G\u00f3mez y Padres \u2013 Pascual Molina Ram\u00edrez.<\/p>\n\n\n\n<p><strong>S\u00c1BADO<\/strong><strong>D\u00cdA<\/strong><strong>23<\/strong><\/p>\n\n\n\n<p>8,30 H. CONVENTO.<\/p>\n\n\n\n<p>19,30 H. TEMPLO <strong>VISPERAS SOLEMNES DE LA VIRGEN DE LA PAZ<\/strong><\/p>\n\n\n\n<p>Sufragio de: Manuel P\u00e9rez Garc\u00eda y su sobrino Jos\u00e9 Manuel \u2013 Paco y Paz \u2013 Acci\u00f3n de Gracias a la Virgen de la Paz y Santa Rita y Santa Lucia \u2013 Acci\u00f3n de Gracias a San Blas y a San Pascual de una feligresa.<\/p>\n\n\n\n<p><strong>DOMINGO <\/strong><strong>D\u00cdA <\/strong><strong>24 <\/strong><strong>SOLEMNIDAD DE LA VIRGEN DE LA PAZ<\/strong><\/p>\n\n\n\n<p><strong>9 H. TEMPLO<\/strong><\/p>\n\n\n\n<p><strong>10,30 H. TEMPLO<\/strong><\/p>\n\n\n\n<p>Sufragio Matrimonio Manuel y Prudencia \u2013 Acci\u00f3n de Gracias a la Virgen de la Paz de una Familia Ausente.<\/p>\n\n\n\n<p><strong>12,30 H TEMPO<\/strong><\/p>\n\n\n\n<p><strong>MISA EN HONOR A LA VIRGEN DE LA PAZ.<\/strong><\/p>\n\n\n\n<p><strong>16 HORAS A 18 HORAS<\/strong><\/p>\n\n\n\n<p><strong>VENERACI\u00d3N IMAGEN DE LA VIRGEN DE LA PAZ.<\/strong><\/p>\n\n\n\n<p><strong>18 HORAS TEMPLO ROSARIO SOLEMNE<\/strong><\/p>\n\n\n\n<p><strong>19,30 H TEMPLO<\/strong><\/p>\n\n\n\n<p>Sufragio de: Fernando y Josefina e hijo Jose Luis de su hija y hermana Anita \u2013 Paco y Paz &#8211; Pepe y Rosal\u00eda y su hijo Pepe \u2013 acci\u00f3n de Gracias a la Virgen de la Paz<\/p>\n","protected":false},"excerpt":{"rendered":"<p>LUNES D\u00cdA18 QUINTO D\u00cdA DE NOVENA 17 H. CONVENTO 19 H. TEMPLO Sufragio de Rafael Mart\u00ednez Mateo \u2013 Acci\u00f3n de Gracias a la Virgen de la Paz de un devoto \u2013 Acci\u00f3n de Gracias a la Virgen de la Paz de Carmen \u2013 Acci\u00f3n de Gracias a la Virgen de la Paz de Encarna. MARTES D\u00cdA19 SEXTO D\u00cdA DE NOVENA&#8230;<\/p>\n<p> <a class=\"continue-reading-link\" href=\"https:\/\/iglesia-en-villar.es\/blog\/2021\/01\/16\/intenciones-de-misas-8\/\"><span>Leer m\u00e1s<\/span><i class=\"crycon-right-dir\"><\/i><\/a> <\/p>\n","protected":false},"author":53745,"featured_media":0,"comment_status":"open","ping_status":"open","sticky":false,"template":"","format":"standard","meta":{"inline_featured_image":false,"footnotes":""},"categories":[3],"tags":[],"class_list":["post-8090","post","type-post","status-publish","format-standard","hentry","category-intenciones"],"better_featured_image":null,"read":true,"_links":{"self":[{"href":"https:\/\/iglesia-en-villar.es\/blog\/wp-json\/wp\/v2\/posts\/8090","targetHints":{"allow":["GET"]}}],"collection":[{"href":"https:\/\/iglesia-en-villar.es\/blog\/wp-json\/wp\/v2\/posts"}],"about":[{"href":"https:\/\/iglesia-en-villar.es\/blog\/wp-json\/wp\/v2\/types\/post"}],"author":[{"embeddable":true,"href":"https:\/\/iglesia-en-villar.es\/blog\/wp-json\/wp\/v2\/users\/53745"}],"replies":[{"embeddable":true,"href":"https:\/\/iglesia-en-villar.es\/blog\/wp-json\/wp\/v2\/comments?post=8090"}],"version-history":[{"count":1,"href":"https:\/\/iglesia-en-villar.es\/blog\/wp-json\/wp\/v2\/posts\/8090\/revisions"}],"predecessor-version":[{"id":8091,"href":"https:\/\/iglesia-en-villar.es\/blog\/wp-json\/wp\/v2\/posts\/8090\/revisions\/8091"}],"wp:attachment":[{"href":"https:\/\/iglesia-en-villar.es\/blog\/wp-json\/wp\/v2\/media?parent=8090"}],"wp:term":[{"taxonomy":"category","embeddable":true,"href":"https:\/\/iglesia-en-villar.es\/blog\/wp-json\/wp\/v2\/categories?post=8090"},{"taxonomy":"post_tag","embeddable":true,"href":"https:\/\/iglesia-en-villar.es\/blog\/wp-json\/wp\/v2\/tags?post=8090"}],"curies":[{"name":"wp","href":"https:\/\/api.w.org\/{rel}","templated":true}]}}