{"id":8099,"date":"2021-01-22T11:57:32","date_gmt":"2021-01-22T10:57:32","guid":{"rendered":"https:\/\/iglesia-en-villar.es\/blog\/?p=8099"},"modified":"2021-01-22T11:57:34","modified_gmt":"2021-01-22T10:57:34","slug":"intenciones-de-misas-9","status":"publish","type":"post","link":"https:\/\/iglesia-en-villar.es\/blog\/2021\/01\/22\/intenciones-de-misas-9\/","title":{"rendered":"Intenciones de Misas"},"content":{"rendered":"\n<p><strong>LUNES <\/strong><strong>D\u00cdA<\/strong><strong>25 FIESTA DE LAS <\/strong><strong>SANTAS <\/strong><strong>RELIQUIAS<\/strong><\/p>\n\n\n\n<p>19 H. TEMPLO<\/p>\n\n\n\n<p>Acci\u00f3n de Gracias a la Santa Cruz.<\/p>\n\n\n\n<p><strong>MARTES <\/strong><strong>D\u00cdA<\/strong><strong>26 <\/strong><strong>CONMEMORACI\u00d3N<\/strong><strong> DE TODOS LOS FELIGRESES DIFUNTOS.<\/strong><\/p>\n\n\n\n<p>8,30 H. CONVENTO<\/p>\n\n\n\n<p>19 H. TEMPLO<\/p>\n\n\n\n<p>Sufragio de: Pilar Pinazo Mart\u00ednez (En el primer aniversario de su fallecimiento) \u2013 Miguel y Concha &#8211; Difuntos de una Devota \u2013 Acci\u00f3n de Gracias a la Virgen de la Paz de una devota.<\/p>\n\n\n\n<p><strong>MI\u00c9RCOLES D\u00cdA 27<\/strong><\/p>\n\n\n\n<p>8,30 H. CONVENTO.<\/p>\n\n\n\n<p>19 H. TEMPLO<\/p>\n\n\n\n<p>Sufragio de: Norberta Palomar Castellano \u2013 Matrimonio Pepe y Lolita..<\/p>\n\n\n\n<p><strong>JUEVES D\u00cdA 28<\/strong><\/p>\n\n\n\n<p>8,30 H. CONVENTO.<\/p>\n\n\n\n<p>19 H. TEMPLO<\/p>\n\n\n\n<p>Por los Enfermos.<\/p>\n\n\n\n<p><strong>VIERNES D\u00cdA 29<\/strong><\/p>\n\n\n\n<p>8,30 H. CONVENTO.<\/p>\n\n\n\n<p>19 H. TEMPLO.<\/p>\n\n\n\n<p><strong>MISA FUNERAL M. PAZ MOLINA TORTAJADA<\/strong><strong>.<\/strong><\/p>\n\n\n\n<p><strong>S\u00c1BADO<\/strong><strong>D\u00cdA<\/strong><strong>30<\/strong><\/p>\n\n\n\n<p>8,30 H. CONVENTO.<\/p>\n\n\n\n<p>19,30 H. TEMPLO<\/p>\n\n\n\n<p>Sufragio de: Matrimonio Manuela Ant\u00f3n y Jos\u00e9 Tortajada \u2013 Difuntos de Paz.<\/p>\n\n\n\n<p><strong>DOMINGO <\/strong><strong>D\u00cdA <\/strong><strong>31<\/strong><\/p>\n\n\n\n<p>9 H. CONVENTO<\/p>\n\n\n\n<p>12,30 H TEMPO<\/p>\n\n\n\n<p>Misa Pro-populo<\/p>\n","protected":false},"excerpt":{"rendered":"<p>LUNES D\u00cdA25 FIESTA DE LAS SANTAS RELIQUIAS 19 H. TEMPLO Acci\u00f3n de Gracias a la Santa Cruz. MARTES D\u00cdA26 CONMEMORACI\u00d3N DE TODOS LOS FELIGRESES DIFUNTOS. 8,30 H. CONVENTO 19 H. TEMPLO Sufragio de: Pilar Pinazo Mart\u00ednez (En el primer aniversario de su fallecimiento) \u2013 Miguel y Concha &#8211; Difuntos de una Devota \u2013 Acci\u00f3n de Gracias a la Virgen de&#8230;<\/p>\n<p> <a class=\"continue-reading-link\" href=\"https:\/\/iglesia-en-villar.es\/blog\/2021\/01\/22\/intenciones-de-misas-9\/\"><span>Leer m\u00e1s<\/span><i class=\"crycon-right-dir\"><\/i><\/a> <\/p>\n","protected":false},"author":53745,"featured_media":0,"comment_status":"open","ping_status":"open","sticky":false,"template":"","format":"standard","meta":{"inline_featured_image":false,"footnotes":""},"categories":[3],"tags":[],"class_list":["post-8099","post","type-post","status-publish","format-standard","hentry","category-intenciones"],"better_featured_image":null,"read":true,"_links":{"self":[{"href":"https:\/\/iglesia-en-villar.es\/blog\/wp-json\/wp\/v2\/posts\/8099","targetHints":{"allow":["GET"]}}],"collection":[{"href":"https:\/\/iglesia-en-villar.es\/blog\/wp-json\/wp\/v2\/posts"}],"about":[{"href":"https:\/\/iglesia-en-villar.es\/blog\/wp-json\/wp\/v2\/types\/post"}],"author":[{"embeddable":true,"href":"https:\/\/iglesia-en-villar.es\/blog\/wp-json\/wp\/v2\/users\/53745"}],"replies":[{"embeddable":true,"href":"https:\/\/iglesia-en-villar.es\/blog\/wp-json\/wp\/v2\/comments?post=8099"}],"version-history":[{"count":1,"href":"https:\/\/iglesia-en-villar.es\/blog\/wp-json\/wp\/v2\/posts\/8099\/revisions"}],"predecessor-version":[{"id":8100,"href":"https:\/\/iglesia-en-villar.es\/blog\/wp-json\/wp\/v2\/posts\/8099\/revisions\/8100"}],"wp:attachment":[{"href":"https:\/\/iglesia-en-villar.es\/blog\/wp-json\/wp\/v2\/media?parent=8099"}],"wp:term":[{"taxonomy":"category","embeddable":true,"href":"https:\/\/iglesia-en-villar.es\/blog\/wp-json\/wp\/v2\/categories?post=8099"},{"taxonomy":"post_tag","embeddable":true,"href":"https:\/\/iglesia-en-villar.es\/blog\/wp-json\/wp\/v2\/tags?post=8099"}],"curies":[{"name":"wp","href":"https:\/\/api.w.org\/{rel}","templated":true}]}}