{"id":8115,"date":"2021-02-01T15:47:46","date_gmt":"2021-02-01T14:47:46","guid":{"rendered":"https:\/\/iglesia-en-villar.es\/blog\/?p=8115"},"modified":"2021-02-01T15:47:48","modified_gmt":"2021-02-01T14:47:48","slug":"rincon-carmelitano-58","status":"publish","type":"post","link":"https:\/\/iglesia-en-villar.es\/blog\/2021\/02\/01\/rincon-carmelitano-58\/","title":{"rendered":"Rinc\u00f3n Carmelitano"},"content":{"rendered":"\n<p class=\"has-text-align-center\"><strong>DE LA VIDA CONSAGRADA<\/strong><\/p>\n\n\n\n<p>El martes que viene es el d\u00eda de la vida consagrada. El consagrado es el que busca el Rostro de Dios para conocerlo, servirlo y amarlo cada d\u00eda m\u00e1s, porque \u00abha conocido y creido en el Amor que Dios nos tiene\u00bb.<\/p>\n\n\n\n<p>Os ofrecemos un bello texto, o mejor, un testimonio, de un consagrado enteramente a Dios : Juan de la Cruz.<\/p>\n\n\n\n<p>\u00ab\u00a1Oh gran Dios de amor y Se\u00f1or, y qu\u00e9 de riquezas vuestras pon\u00e9is en el que no ama ni gusta sino de Vos! pues a Vos mismo le dais y hac\u00e9is una cosa por amor, y en eso le dais a gustar y amar lo que m\u00e1s el alma quiere en Vos y le aprovecha. Mas, porque conviene que no nos falte cruz, como a nuestro Amado, hasta la muerte de amor, El ordena nuestras pasiones en el amor de lo que m\u00e1s queremos para que mayores sacrificios hagamos y m\u00e1s valgamos. Mas todo es breve, que todo es hasta alzar el cuchillo, y luego se queda Isaac vivo, con promesa del hijo multiplicado. Paciencia es menester, hija m\u00eda, en esta pobreza, que por salir bien de nuestra tierra aprovecha y para entrar en la Vida a gozarlo bien todo, la cual es privaci\u00f3n de vida.\u00bb<\/p>\n\n\n\n<p>Como todos estamos consagrados a Dios por el Bautismo, a todos nos puede ayudar estas palabras de Juan de la Cruz sobre ese amor de Dios que lo da todo y lo pide todo, y va disponi\u00e9ndonos mediante las circunstancias de la vida, para, liberados del ego\u00edsmo que busca el propio bien, unirnos a El y hacernos uno con El.<\/p>\n\n\n\n<p>Os pedimos que ese d\u00eda rec\u00e9is por nosotras. GRACIAS.<\/p>\n\n\n\n<p class=\"has-text-align-right\"><strong>Hermanas Carmelitas<\/strong><\/p>\n","protected":false},"excerpt":{"rendered":"<p>DE LA VIDA CONSAGRADA El martes que viene es el d\u00eda de la vida consagrada. El consagrado es el que busca el Rostro de Dios para conocerlo, servirlo y amarlo cada d\u00eda m\u00e1s, porque \u00abha conocido y creido en el Amor que Dios nos tiene\u00bb. Os ofrecemos un bello texto, o mejor, un testimonio, de un consagrado enteramente a Dios&#8230;<\/p>\n<p> <a class=\"continue-reading-link\" href=\"https:\/\/iglesia-en-villar.es\/blog\/2021\/02\/01\/rincon-carmelitano-58\/\"><span>Leer m\u00e1s<\/span><i class=\"crycon-right-dir\"><\/i><\/a> <\/p>\n","protected":false},"author":53745,"featured_media":0,"comment_status":"open","ping_status":"open","sticky":false,"template":"","format":"standard","meta":{"inline_featured_image":false,"footnotes":""},"categories":[5],"tags":[],"class_list":["post-8115","post","type-post","status-publish","format-standard","hentry","category-monasterio"],"better_featured_image":null,"read":true,"_links":{"self":[{"href":"https:\/\/iglesia-en-villar.es\/blog\/wp-json\/wp\/v2\/posts\/8115","targetHints":{"allow":["GET"]}}],"collection":[{"href":"https:\/\/iglesia-en-villar.es\/blog\/wp-json\/wp\/v2\/posts"}],"about":[{"href":"https:\/\/iglesia-en-villar.es\/blog\/wp-json\/wp\/v2\/types\/post"}],"author":[{"embeddable":true,"href":"https:\/\/iglesia-en-villar.es\/blog\/wp-json\/wp\/v2\/users\/53745"}],"replies":[{"embeddable":true,"href":"https:\/\/iglesia-en-villar.es\/blog\/wp-json\/wp\/v2\/comments?post=8115"}],"version-history":[{"count":1,"href":"https:\/\/iglesia-en-villar.es\/blog\/wp-json\/wp\/v2\/posts\/8115\/revisions"}],"predecessor-version":[{"id":8116,"href":"https:\/\/iglesia-en-villar.es\/blog\/wp-json\/wp\/v2\/posts\/8115\/revisions\/8116"}],"wp:attachment":[{"href":"https:\/\/iglesia-en-villar.es\/blog\/wp-json\/wp\/v2\/media?parent=8115"}],"wp:term":[{"taxonomy":"category","embeddable":true,"href":"https:\/\/iglesia-en-villar.es\/blog\/wp-json\/wp\/v2\/categories?post=8115"},{"taxonomy":"post_tag","embeddable":true,"href":"https:\/\/iglesia-en-villar.es\/blog\/wp-json\/wp\/v2\/tags?post=8115"}],"curies":[{"name":"wp","href":"https:\/\/api.w.org\/{rel}","templated":true}]}}