{"id":8117,"date":"2021-02-01T15:50:20","date_gmt":"2021-02-01T14:50:20","guid":{"rendered":"https:\/\/iglesia-en-villar.es\/blog\/?p=8117"},"modified":"2021-02-01T15:50:22","modified_gmt":"2021-02-01T14:50:22","slug":"editorial-51","status":"publish","type":"post","link":"https:\/\/iglesia-en-villar.es\/blog\/2021\/02\/01\/editorial-51\/","title":{"rendered":"Editorial"},"content":{"rendered":"\n<p class=\"has-text-align-center\"><strong>Luz para alumbrar las naciones<\/strong><\/p>\n\n\n\n<p>Estas \u00faltimas semanas, la situaci\u00f3n sanitaria y los elevados datos de fallecimientos y contagios que cada d\u00eda nos ofrecen los medios de comunicaci\u00f3n, nos han sumergido en una profunda noche, oscura y tenebrosa, en la que el miedo y la inseguridad nos invaden y nos sumen en el des\u00e1nimo. La pandemia de Covid-19 que estamos atravesando est\u00e1 poniendo en cuesti\u00f3n la estructura social y la organizaci\u00f3n econ\u00f3mica sobre la que se hab\u00eda levantado nuestro mundo desarrollado.<\/p>\n\n\n\n<p>Esta realidad tan dura y dif\u00edcil nos pone a prueba cada d\u00eda. No podemos hacer frente a esto si no es desde la fuerza que nos aporta nuestra fe y nuestra confianza en Dios. Los cristianos vivimos en estos d\u00edas dej\u00e1ndolo todo en manos de Dios, creyendo y esperando en \u00c9l, el \u00fanico que puede salvarnos y socorrernos en este momento de sufrimiento. Nuestra debilidad nos muestra que necesitamos la fuerza y la luz de Cristo para seguir este camino lleno de m\u00faltiples contrariedades.<\/p>\n\n\n\n<p>El a\u00f1o lit\u00fargico nos ofrece la posibilidad de que los pr\u00f3ximos d\u00edas celebremos la fiesta de la Presentaci\u00f3n de Jes\u00fas en el Templo, m\u00e1s conocida como la fiesta de \u201cla candelaria\u201d. Es, por excelencia, una fiesta marcada por la presencia de la luz. Los signos, la Palabra de Dios y la liturgia nos ayudan a recordar una verdad fundamental: que Cristo es para la humanidad \u201cluz para alumbrar las naciones\u201d, como profetiz\u00f3 el anciano Sime\u00f3n al encontrarse con la Sagrada familia en el Templo de Jerusal\u00e9n.<\/p>\n\n\n\n<p>Luz que llega hasta nosotros a trav\u00e9s de la Palabra de Dios que se proclama cada d\u00eda en la celebraci\u00f3n comunitaria de la Eucarist\u00eda, y que podemos llevar y trasmitir en nuestros hogares, a nuestros amigos, familiares o conocidos. La Palabra nos anima y nos alienta cada d\u00eda a seguir creyendo. Transmisi\u00f3n que es llevada a cabo en muchas ocasiones por lo m\u00e1s mayores de nuestras familias, que en este tiempo son un tesoro a cuidar y preservar ante el riesgo que supone para ellos esta terrible enfermedad del Covid-19.<\/p>\n\n\n\n<p>El d\u00eda de la presentaci\u00f3n celebraremos la fiesta del Movimiento Vida Ascendente. Los mayores son los que m\u00e1s dif\u00edcil lo est\u00e1n pasando en este tiempo. Es mucho lo que les debemos en el campo de la transmisi\u00f3n de la fe y el apostolado. Que este d\u00eda sea una oportunidad para dar gracias a Dios por el ejemplo de fe y de fidelidad a Dios que en este tiempo nos est\u00e1n transmitiendo.<\/p>\n\n\n\n<p>Tambi\u00e9n en la fiesta de la Presentaci\u00f3n en el Templo, la Iglesia universal celebra la Jornada de la Vida consagrada. Nuestra estrecha vinculaci\u00f3n con la comunidad de carmelitas descalzas de Villar hace que vivamos esta celebraci\u00f3n en plena comuni\u00f3n con nuestras queridas monjas, que con su oraci\u00f3n constante y su vida entregada nos iluminan en nuestro desvalimiento. Las hermanas carmelitas son un regalo de la Iglesia para nuestra comunidad parroquial; que en esta celebraci\u00f3n podamos orar por ellas, y agradecer a Dios su testimonio creyente y el don de la Vida consagrada en nuestro pueblo.<\/p>\n\n\n\n<p>Confiados en manos de Dios, que este a\u00f1o, m\u00e1s que nunca, esta fiesta de la presentaci\u00f3n nos traiga la luz, y alumbre nuestra comunidad para vivir un nuevo tiempo de esperanza y compromiso misionero y evangelizador.<\/p>\n\n\n\n<p class=\"has-text-align-right\"><strong>Quique, vuestro cura.<\/strong><\/p>\n","protected":false},"excerpt":{"rendered":"<p>Luz para alumbrar las naciones Estas \u00faltimas semanas, la situaci\u00f3n sanitaria y los elevados datos de fallecimientos y contagios que cada d\u00eda nos ofrecen los medios de comunicaci\u00f3n, nos han sumergido en una profunda noche, oscura y tenebrosa, en la que el miedo y la inseguridad nos invaden y nos sumen en el des\u00e1nimo. La pandemia de Covid-19 que estamos&#8230;<\/p>\n<p> <a class=\"continue-reading-link\" href=\"https:\/\/iglesia-en-villar.es\/blog\/2021\/02\/01\/editorial-51\/\"><span>Leer m\u00e1s<\/span><i class=\"crycon-right-dir\"><\/i><\/a> <\/p>\n","protected":false},"author":53745,"featured_media":8122,"comment_status":"open","ping_status":"open","sticky":false,"template":"","format":"standard","meta":{"inline_featured_image":false,"footnotes":""},"categories":[13],"tags":[],"class_list":["post-8117","post","type-post","status-publish","format-standard","has-post-thumbnail","hentry","category-editorial"],"better_featured_image":{"id":8122,"alt_text":"","caption":"","description":"","media_type":"image","media_details":{"width":910,"height":683,"file":"2021\/02\/lampara-barro.jpg","sizes":{"medium":{"file":"lampara-barro-300x225.jpg","width":300,"height":225,"mime-type":"image\/jpeg","source_url":"https:\/\/iglesia-en-villar.es\/blog\/wp-content\/uploads\/2021\/02\/lampara-barro-300x225.jpg"},"thumbnail":{"file":"lampara-barro-150x150.jpg","width":150,"height":150,"mime-type":"image\/jpeg","source_url":"https:\/\/iglesia-en-villar.es\/blog\/wp-content\/uploads\/2021\/02\/lampara-barro-150x150.jpg"},"medium_large":{"file":"lampara-barro-768x576.jpg","width":768,"height":576,"mime-type":"image\/jpeg","source_url":"https:\/\/iglesia-en-villar.es\/blog\/wp-content\/uploads\/2021\/02\/lampara-barro-768x576.jpg"},"post-thumbnail":{"file":"lampara-barro-150x113.jpg","width":150,"height":113,"mime-type":"image\/jpeg","source_url":"https:\/\/iglesia-en-villar.es\/blog\/wp-content\/uploads\/2021\/02\/lampara-barro-150x113.jpg"},"header":{"file":"lampara-barro-910x230.jpg","width":910,"height":230,"mime-type":"image\/jpeg","source_url":"https:\/\/iglesia-en-villar.es\/blog\/wp-content\/uploads\/2021\/02\/lampara-barro-910x230.jpg"},"slider":{"file":"lampara-barro-910x580.jpg","width":910,"height":580,"mime-type":"image\/jpeg","source_url":"https:\/\/iglesia-en-villar.es\/blog\/wp-content\/uploads\/2021\/02\/lampara-barro-910x580.jpg"},"columns":{"file":"lampara-barro-330x300.jpg","width":330,"height":300,"mime-type":"image\/jpeg","source_url":"https:\/\/iglesia-en-villar.es\/blog\/wp-content\/uploads\/2021\/02\/lampara-barro-330x300.jpg"},"custom":{"file":"lampara-barro-250x188.jpg","width":250,"height":188,"mime-type":"image\/jpeg","source_url":"https:\/\/iglesia-en-villar.es\/blog\/wp-content\/uploads\/2021\/02\/lampara-barro-250x188.jpg"}},"image_meta":{"aperture":"0","credit":"","camera":"","caption":"","created_timestamp":"0","copyright":"","focal_length":"0","iso":"0","shutter_speed":"0","title":"","orientation":"0","keywords":[]}},"post":null,"source_url":"https:\/\/iglesia-en-villar.es\/blog\/wp-content\/uploads\/2021\/02\/lampara-barro.jpg"},"read":true,"_links":{"self":[{"href":"https:\/\/iglesia-en-villar.es\/blog\/wp-json\/wp\/v2\/posts\/8117","targetHints":{"allow":["GET"]}}],"collection":[{"href":"https:\/\/iglesia-en-villar.es\/blog\/wp-json\/wp\/v2\/posts"}],"about":[{"href":"https:\/\/iglesia-en-villar.es\/blog\/wp-json\/wp\/v2\/types\/post"}],"author":[{"embeddable":true,"href":"https:\/\/iglesia-en-villar.es\/blog\/wp-json\/wp\/v2\/users\/53745"}],"replies":[{"embeddable":true,"href":"https:\/\/iglesia-en-villar.es\/blog\/wp-json\/wp\/v2\/comments?post=8117"}],"version-history":[{"count":1,"href":"https:\/\/iglesia-en-villar.es\/blog\/wp-json\/wp\/v2\/posts\/8117\/revisions"}],"predecessor-version":[{"id":8118,"href":"https:\/\/iglesia-en-villar.es\/blog\/wp-json\/wp\/v2\/posts\/8117\/revisions\/8118"}],"wp:featuredmedia":[{"embeddable":true,"href":"https:\/\/iglesia-en-villar.es\/blog\/wp-json\/wp\/v2\/media\/8122"}],"wp:attachment":[{"href":"https:\/\/iglesia-en-villar.es\/blog\/wp-json\/wp\/v2\/media?parent=8117"}],"wp:term":[{"taxonomy":"category","embeddable":true,"href":"https:\/\/iglesia-en-villar.es\/blog\/wp-json\/wp\/v2\/categories?post=8117"},{"taxonomy":"post_tag","embeddable":true,"href":"https:\/\/iglesia-en-villar.es\/blog\/wp-json\/wp\/v2\/tags?post=8117"}],"curies":[{"name":"wp","href":"https:\/\/api.w.org\/{rel}","templated":true}]}}