{"id":8140,"date":"2021-02-06T15:36:12","date_gmt":"2021-02-06T14:36:12","guid":{"rendered":"https:\/\/iglesia-en-villar.es\/blog\/?p=8140"},"modified":"2021-02-06T15:36:14","modified_gmt":"2021-02-06T14:36:14","slug":"avisos-48","status":"publish","type":"post","link":"https:\/\/iglesia-en-villar.es\/blog\/2021\/02\/06\/avisos-48\/","title":{"rendered":"Avisos"},"content":{"rendered":"\n<p class=\"has-text-align-center\"><strong>FE DE ERRATAS<\/strong><\/p>\n\n\n\n<p>En las defunciones del a\u00f1o 2020, donde dice TERESA DOMENECH PREZ debe decir TERESA DOMENECH PERIS.<\/p>\n\n\n\n<p class=\"has-text-align-center\"><strong>CAMPA\u00d1A MANOS UNIDAS 2021<\/strong><\/p>\n\n\n\n<p>El pr\u00f3ximo domingo 14 de febrero se celebrar\u00e1 como es habitual la campa\u00f1a de MANOS UNIDAS contra el HAMBRE.<\/p>\n\n\n\n<p>Por este motivo durante el fin de semana se repartir\u00e1n los sobres para la colecta a la salida de las misas. Os agradecemos vuestra colaboraci\u00f3n.<\/p>\n","protected":false},"excerpt":{"rendered":"<p>FE DE ERRATAS En las defunciones del a\u00f1o 2020, donde dice TERESA DOMENECH PREZ debe decir TERESA DOMENECH PERIS. CAMPA\u00d1A MANOS UNIDAS 2021 El pr\u00f3ximo domingo 14 de febrero se celebrar\u00e1 como es habitual la campa\u00f1a de MANOS UNIDAS contra el HAMBRE. Por este motivo durante el fin de semana se repartir\u00e1n los sobres para la colecta a la salida&#8230;<\/p>\n<p> <a class=\"continue-reading-link\" href=\"https:\/\/iglesia-en-villar.es\/blog\/2021\/02\/06\/avisos-48\/\"><span>Leer m\u00e1s<\/span><i class=\"crycon-right-dir\"><\/i><\/a> <\/p>\n","protected":false},"author":53745,"featured_media":0,"comment_status":"open","ping_status":"open","sticky":false,"template":"","format":"standard","meta":{"inline_featured_image":false,"footnotes":""},"categories":[10],"tags":[],"class_list":["post-8140","post","type-post","status-publish","format-standard","hentry","category-avisos"],"better_featured_image":null,"read":true,"_links":{"self":[{"href":"https:\/\/iglesia-en-villar.es\/blog\/wp-json\/wp\/v2\/posts\/8140","targetHints":{"allow":["GET"]}}],"collection":[{"href":"https:\/\/iglesia-en-villar.es\/blog\/wp-json\/wp\/v2\/posts"}],"about":[{"href":"https:\/\/iglesia-en-villar.es\/blog\/wp-json\/wp\/v2\/types\/post"}],"author":[{"embeddable":true,"href":"https:\/\/iglesia-en-villar.es\/blog\/wp-json\/wp\/v2\/users\/53745"}],"replies":[{"embeddable":true,"href":"https:\/\/iglesia-en-villar.es\/blog\/wp-json\/wp\/v2\/comments?post=8140"}],"version-history":[{"count":1,"href":"https:\/\/iglesia-en-villar.es\/blog\/wp-json\/wp\/v2\/posts\/8140\/revisions"}],"predecessor-version":[{"id":8141,"href":"https:\/\/iglesia-en-villar.es\/blog\/wp-json\/wp\/v2\/posts\/8140\/revisions\/8141"}],"wp:attachment":[{"href":"https:\/\/iglesia-en-villar.es\/blog\/wp-json\/wp\/v2\/media?parent=8140"}],"wp:term":[{"taxonomy":"category","embeddable":true,"href":"https:\/\/iglesia-en-villar.es\/blog\/wp-json\/wp\/v2\/categories?post=8140"},{"taxonomy":"post_tag","embeddable":true,"href":"https:\/\/iglesia-en-villar.es\/blog\/wp-json\/wp\/v2\/tags?post=8140"}],"curies":[{"name":"wp","href":"https:\/\/api.w.org\/{rel}","templated":true}]}}