{"id":8142,"date":"2021-02-06T15:39:32","date_gmt":"2021-02-06T14:39:32","guid":{"rendered":"https:\/\/iglesia-en-villar.es\/blog\/?p=8142"},"modified":"2021-02-06T15:39:34","modified_gmt":"2021-02-06T14:39:34","slug":"intenciones-de-misa-50","status":"publish","type":"post","link":"https:\/\/iglesia-en-villar.es\/blog\/2021\/02\/06\/intenciones-de-misa-50\/","title":{"rendered":"Intenciones de Misa"},"content":{"rendered":"\n<p><strong>LUNES D\u00cdA 8<\/strong><br>8,30 H CONVENTO<br>19 H. TEMPLO<br>Sufragio de: Trinidad Tortajada M\u00ednguez e hijo \u2013 Acci\u00f3n de Gracias a la Virgen de la Paz y a Santa Lucia de devota.<\/p>\n\n\n\n<p><strong>MARTES D\u00cdA 9<\/strong><br>8,30 H. CONVENTO<br>19 H. TEMPLO<br>Sufragio de: Jos\u00e9 Luis Serra Garc\u00eda de su hermana \u2013 Jos\u00e9 Antonio L\u00f3pez Mateo \u2013 Pilar Castellano Estevan.<\/p>\n\n\n\n<p><strong>MI\u00c9RCOLES D\u00cdA 10<\/strong><br>8,30 H. CONVENTO.<br>19 H. TEMPLO<br>Sufragio de Norberta Palomar Castellano..<\/p>\n\n\n\n<p><strong>JUEVES D\u00cdA 11 FESTIVIDAD DE NUESTRA SE\u00d1ORA DE LOURDES<\/strong><br>8,30 H. CONVENTO.<br>19 H. TEMPLO<br>La comunidad celebrara la Eucarist\u00eda por todos los enfermos.<br>Por los Enfermos &#8211; Sufragio de Miguel y Concha.<\/p>\n\n\n\n<p><strong>VIERNES D\u00cdA 12<\/strong><br>8,30 H. CONVENTO.<br>19 H. TEMPLO.<br>Sufragio de Dolores Tortajada Miralles.<\/p>\n\n\n\n<p><strong>S\u00c1BADO D\u00cdA 13<\/strong><br>8,30 H. CONVENTO.<br>19,30 H. TEMPLO<br>Sufragio de: Matrimonio Manuel Orero G\u00e1lvez y Mar\u00eda Estevan M\u00ednguez \u2013 \u00c1ngeles L\u00f3pez y Hermanos \u2013 Pascual Gabarda G\u00f3mez \u2013 Carmen Gil Mart\u00ednez.<\/p>\n\n\n\n<p><strong>DOMINGO D\u00cdA 14<\/strong><br>9 H. CONVENTO.<br>12,30 H TEMPO<br>Misa de Pro-populo.<\/p>\n","protected":false},"excerpt":{"rendered":"<p>LUNES D\u00cdA 88,30 H CONVENTO19 H. TEMPLOSufragio de: Trinidad Tortajada M\u00ednguez e hijo \u2013 Acci\u00f3n de Gracias a la Virgen de la Paz y a Santa Lucia de devota. MARTES D\u00cdA 98,30 H. CONVENTO19 H. TEMPLOSufragio de: Jos\u00e9 Luis Serra Garc\u00eda de su hermana \u2013 Jos\u00e9 Antonio L\u00f3pez Mateo \u2013 Pilar Castellano Estevan. MI\u00c9RCOLES D\u00cdA 108,30 H. CONVENTO.19 H. TEMPLOSufragio&#8230;<\/p>\n<p> <a class=\"continue-reading-link\" href=\"https:\/\/iglesia-en-villar.es\/blog\/2021\/02\/06\/intenciones-de-misa-50\/\"><span>Leer m\u00e1s<\/span><i class=\"crycon-right-dir\"><\/i><\/a> <\/p>\n","protected":false},"author":53745,"featured_media":0,"comment_status":"open","ping_status":"open","sticky":false,"template":"","format":"standard","meta":{"inline_featured_image":false,"footnotes":""},"categories":[3],"tags":[],"class_list":["post-8142","post","type-post","status-publish","format-standard","hentry","category-intenciones"],"better_featured_image":null,"read":true,"_links":{"self":[{"href":"https:\/\/iglesia-en-villar.es\/blog\/wp-json\/wp\/v2\/posts\/8142","targetHints":{"allow":["GET"]}}],"collection":[{"href":"https:\/\/iglesia-en-villar.es\/blog\/wp-json\/wp\/v2\/posts"}],"about":[{"href":"https:\/\/iglesia-en-villar.es\/blog\/wp-json\/wp\/v2\/types\/post"}],"author":[{"embeddable":true,"href":"https:\/\/iglesia-en-villar.es\/blog\/wp-json\/wp\/v2\/users\/53745"}],"replies":[{"embeddable":true,"href":"https:\/\/iglesia-en-villar.es\/blog\/wp-json\/wp\/v2\/comments?post=8142"}],"version-history":[{"count":1,"href":"https:\/\/iglesia-en-villar.es\/blog\/wp-json\/wp\/v2\/posts\/8142\/revisions"}],"predecessor-version":[{"id":8143,"href":"https:\/\/iglesia-en-villar.es\/blog\/wp-json\/wp\/v2\/posts\/8142\/revisions\/8143"}],"wp:attachment":[{"href":"https:\/\/iglesia-en-villar.es\/blog\/wp-json\/wp\/v2\/media?parent=8142"}],"wp:term":[{"taxonomy":"category","embeddable":true,"href":"https:\/\/iglesia-en-villar.es\/blog\/wp-json\/wp\/v2\/categories?post=8142"},{"taxonomy":"post_tag","embeddable":true,"href":"https:\/\/iglesia-en-villar.es\/blog\/wp-json\/wp\/v2\/tags?post=8142"}],"curies":[{"name":"wp","href":"https:\/\/api.w.org\/{rel}","templated":true}]}}