{"id":8144,"date":"2021-02-06T15:42:08","date_gmt":"2021-02-06T14:42:08","guid":{"rendered":"https:\/\/iglesia-en-villar.es\/blog\/?p=8144"},"modified":"2021-02-06T15:42:10","modified_gmt":"2021-02-06T14:42:10","slug":"rincon-carmelitano-59","status":"publish","type":"post","link":"https:\/\/iglesia-en-villar.es\/blog\/2021\/02\/06\/rincon-carmelitano-59\/","title":{"rendered":"Rinc\u00f3n Carmelitano"},"content":{"rendered":"\n<p class=\"has-text-align-center\"><strong>PERSONAS DE ORACI\u00d3N<\/strong><\/p>\n\n\n\n<p>Como suponemos que los que este rinc\u00f3n le\u00e9is, sois personas de oraci\u00f3n, os ofrecemos un texto de santa Teresa muy pr\u00e1ctico para los que procuramos ejercitarnos en la oraci\u00f3n:<\/p>\n\n\n\n<p>\u00abEs cosa donosa, que aun nos estamos con mil embarazos y imperfecciones, y las virtudes que aun no saben andar, sino que ha poco que comenzaron a nacer &#8211; y aun plega a Dios est\u00e9n comenzadas &#8211; \u00bfY no habemos verg\u00fcenza de querer gustos en la oraci\u00f3n y quejarnos de sequedades? Nunca os acaezca, hermanas,; abrazaos con la cruz que vuestro Esposo llev\u00f3 sobre si, y entended que esta ha de ser vuestra empresa; la que m\u00e1s pudiere padecer, que padezca m\u00e1s por El y ser\u00e1 la mejor librada. Toda la pretensi\u00f3n de quien comienza oraci\u00f3n &#8211; y no se os olvide esto que importa mucho &#8211; ha de ser trabajar y determinarse y disponerse con cuantas diligencias pueda a hacer su voluntad conformar con la de Dios, y , estad muy cierta que en esto consiste toda la mayor perfecci\u00f3n que se puede alcanzar en el camino espiritual. En esto consiste todo nuestro bien. Pues si erramos en el principio queriendo luego que el Se\u00f1or haga la nuestra y que nos lleve como imaginamos, \u00bfqu\u00e9 firmeza puede llevar este edificio?.\u00bb<\/p>\n\n\n\n<p>Un buen programa de santidad, procurar que sea verdad en nuestra vida de cada d\u00eda lo que tantas veces le decimos al Se\u00f1or :\u00bbH\u00e1gase tu voluntad en la tierra como en el cielo\u00bb. Si en esta nuestra tierra hacemos su voluntad, ser\u00e1 nuestra tierra cielo, y el camino seguro de la santidad. Y ya sabemos, el \u00fanico fracaso en la vida es no ser santos.<\/p>\n\n\n\n<p class=\"has-text-align-right\"><strong>Hermanas Carmelitas<\/strong><\/p>\n","protected":false},"excerpt":{"rendered":"<p>PERSONAS DE ORACI\u00d3N Como suponemos que los que este rinc\u00f3n le\u00e9is, sois personas de oraci\u00f3n, os ofrecemos un texto de santa Teresa muy pr\u00e1ctico para los que procuramos ejercitarnos en la oraci\u00f3n: \u00abEs cosa donosa, que aun nos estamos con mil embarazos y imperfecciones, y las virtudes que aun no saben andar, sino que ha poco que comenzaron a nacer&#8230;<\/p>\n<p> <a class=\"continue-reading-link\" href=\"https:\/\/iglesia-en-villar.es\/blog\/2021\/02\/06\/rincon-carmelitano-59\/\"><span>Leer m\u00e1s<\/span><i class=\"crycon-right-dir\"><\/i><\/a> <\/p>\n","protected":false},"author":53745,"featured_media":0,"comment_status":"open","ping_status":"open","sticky":false,"template":"","format":"standard","meta":{"inline_featured_image":false,"footnotes":""},"categories":[5],"tags":[],"class_list":["post-8144","post","type-post","status-publish","format-standard","hentry","category-monasterio"],"better_featured_image":null,"read":true,"_links":{"self":[{"href":"https:\/\/iglesia-en-villar.es\/blog\/wp-json\/wp\/v2\/posts\/8144","targetHints":{"allow":["GET"]}}],"collection":[{"href":"https:\/\/iglesia-en-villar.es\/blog\/wp-json\/wp\/v2\/posts"}],"about":[{"href":"https:\/\/iglesia-en-villar.es\/blog\/wp-json\/wp\/v2\/types\/post"}],"author":[{"embeddable":true,"href":"https:\/\/iglesia-en-villar.es\/blog\/wp-json\/wp\/v2\/users\/53745"}],"replies":[{"embeddable":true,"href":"https:\/\/iglesia-en-villar.es\/blog\/wp-json\/wp\/v2\/comments?post=8144"}],"version-history":[{"count":1,"href":"https:\/\/iglesia-en-villar.es\/blog\/wp-json\/wp\/v2\/posts\/8144\/revisions"}],"predecessor-version":[{"id":8145,"href":"https:\/\/iglesia-en-villar.es\/blog\/wp-json\/wp\/v2\/posts\/8144\/revisions\/8145"}],"wp:attachment":[{"href":"https:\/\/iglesia-en-villar.es\/blog\/wp-json\/wp\/v2\/media?parent=8144"}],"wp:term":[{"taxonomy":"category","embeddable":true,"href":"https:\/\/iglesia-en-villar.es\/blog\/wp-json\/wp\/v2\/categories?post=8144"},{"taxonomy":"post_tag","embeddable":true,"href":"https:\/\/iglesia-en-villar.es\/blog\/wp-json\/wp\/v2\/tags?post=8144"}],"curies":[{"name":"wp","href":"https:\/\/api.w.org\/{rel}","templated":true}]}}