{"id":8156,"date":"2021-02-13T13:34:37","date_gmt":"2021-02-13T12:34:37","guid":{"rendered":"https:\/\/iglesia-en-villar.es\/blog\/?p=8156"},"modified":"2021-02-13T13:34:38","modified_gmt":"2021-02-13T12:34:38","slug":"rincon-carmelitano-60","status":"publish","type":"post","link":"https:\/\/iglesia-en-villar.es\/blog\/2021\/02\/13\/rincon-carmelitano-60\/","title":{"rendered":"Rinc\u00f3n Carmelitano"},"content":{"rendered":"\n<p class=\"has-text-align-center\"><strong>EL MI\u00c9RCOLES EMPEZAMOS LA CUARESMA<\/strong><\/p>\n\n\n\n<p>Como muy bien sabemos y nos lo recuerda nuestro p\u00e1rroco tan liturgista, el mi\u00e9rcoles empezamos la cuaresma. Tambi\u00e9n sabemos como la Iglesia nos presenta para este tiempo la pr\u00e1ctica de la oraci\u00f3n, ayuno y limosna, que no pasan de moda.<\/p>\n\n\n\n<p>Hoy os presentamos un texto de la Maestra de la oraci\u00f3n, Teresa de Jes\u00fas. Se dirige a las hermanas que empiezan el camino de la oraci\u00f3n y no saben bien como hacerlo; como en este camino, de alg\u00fan modo, siempre somos principiantes, nos puede servir.<\/p>\n\n\n\n<p>\u00abLo que pod\u00e9is hacer para ayudaros es esto : traer una imagen o retrato de este Se\u00f1or, que sea a vuestro gusto; no para traerle en el seno y nunca le mirar, sino para hablar muchas veces con El &#8211; que El os dar\u00e1 que decirle- como habl\u00e1is con otras personas. \u00bfPor qu\u00e9 os han de faltar palabras para hablar con Dios? No lo cre\u00e1is &#8211; al menos yo no lo creer\u00e9 &#8211; si lo us\u00e1is; porque si no, el no tratar con una persona causa extra\u00f1eza y no saber c\u00f3mo hablar con ella, que parece no la conocemos, y aun aunque sea deudo, porque deudo y amistad, se pierden con la falta de comunicaci\u00f3n. Tambi\u00e9n es gran remedio tomar un libro bueno, aun para recoger el pensamiento, y poquito a poquito ir acostumbrando el alma con halagos y artificios para no amedrentarla, que hasta que quiera tornar a su casa es menester mucho saberlo negociar, que ans\u00ed somos los pecadores : tenemos tan acostumbrada nuestra alma y pensamiento a andar a su placer &#8211; o pesar, por mejor decir &#8211; que la triste alma no se entiende; para que torne a tomar amor a estar en su casa, es menester mucho artificio; y si no es ans\u00ed, y poco a poco, nunca haremos nada. Y os certifico que si con cuidado os acostumbrais a lo que he dicho, sacar\u00e9is tan gran ganancia, que aunque yo os lo quisiera decir, no sabr\u00e9.\u00bb<\/p>\n\n\n\n<p>Tomar gusto a \u00abestar en casa\u00bb, o sea vivir esa interioridad donde Dios mora. El covi est\u00e1 obligando a muchos a permanecer en casa; ojal\u00e1 el Esp\u00edritu Santo nos ense\u00f1e y ayude a estar de buena gana en nuestra morada interior para tratar con El&#8230;<\/p>\n\n\n\n<p class=\"has-text-align-right\"><strong>Hermanas Carmelitas<\/strong><\/p>\n","protected":false},"excerpt":{"rendered":"<p>EL MI\u00c9RCOLES EMPEZAMOS LA CUARESMA Como muy bien sabemos y nos lo recuerda nuestro p\u00e1rroco tan liturgista, el mi\u00e9rcoles empezamos la cuaresma. Tambi\u00e9n sabemos como la Iglesia nos presenta para este tiempo la pr\u00e1ctica de la oraci\u00f3n, ayuno y limosna, que no pasan de moda. Hoy os presentamos un texto de la Maestra de la oraci\u00f3n, Teresa de Jes\u00fas. Se&#8230;<\/p>\n<p> <a class=\"continue-reading-link\" href=\"https:\/\/iglesia-en-villar.es\/blog\/2021\/02\/13\/rincon-carmelitano-60\/\"><span>Leer m\u00e1s<\/span><i class=\"crycon-right-dir\"><\/i><\/a> <\/p>\n","protected":false},"author":53745,"featured_media":0,"comment_status":"open","ping_status":"open","sticky":false,"template":"","format":"standard","meta":{"inline_featured_image":false,"footnotes":""},"categories":[5],"tags":[],"class_list":["post-8156","post","type-post","status-publish","format-standard","hentry","category-monasterio"],"better_featured_image":null,"read":true,"_links":{"self":[{"href":"https:\/\/iglesia-en-villar.es\/blog\/wp-json\/wp\/v2\/posts\/8156","targetHints":{"allow":["GET"]}}],"collection":[{"href":"https:\/\/iglesia-en-villar.es\/blog\/wp-json\/wp\/v2\/posts"}],"about":[{"href":"https:\/\/iglesia-en-villar.es\/blog\/wp-json\/wp\/v2\/types\/post"}],"author":[{"embeddable":true,"href":"https:\/\/iglesia-en-villar.es\/blog\/wp-json\/wp\/v2\/users\/53745"}],"replies":[{"embeddable":true,"href":"https:\/\/iglesia-en-villar.es\/blog\/wp-json\/wp\/v2\/comments?post=8156"}],"version-history":[{"count":1,"href":"https:\/\/iglesia-en-villar.es\/blog\/wp-json\/wp\/v2\/posts\/8156\/revisions"}],"predecessor-version":[{"id":8157,"href":"https:\/\/iglesia-en-villar.es\/blog\/wp-json\/wp\/v2\/posts\/8156\/revisions\/8157"}],"wp:attachment":[{"href":"https:\/\/iglesia-en-villar.es\/blog\/wp-json\/wp\/v2\/media?parent=8156"}],"wp:term":[{"taxonomy":"category","embeddable":true,"href":"https:\/\/iglesia-en-villar.es\/blog\/wp-json\/wp\/v2\/categories?post=8156"},{"taxonomy":"post_tag","embeddable":true,"href":"https:\/\/iglesia-en-villar.es\/blog\/wp-json\/wp\/v2\/tags?post=8156"}],"curies":[{"name":"wp","href":"https:\/\/api.w.org\/{rel}","templated":true}]}}