{"id":8177,"date":"2021-02-26T12:45:50","date_gmt":"2021-02-26T11:45:50","guid":{"rendered":"https:\/\/iglesia-en-villar.es\/blog\/?p=8177"},"modified":"2021-02-26T12:45:52","modified_gmt":"2021-02-26T11:45:52","slug":"intenciones-de-misa-53","status":"publish","type":"post","link":"https:\/\/iglesia-en-villar.es\/blog\/2021\/02\/26\/intenciones-de-misa-53\/","title":{"rendered":"Intenciones de Misa"},"content":{"rendered":"\n<p><strong>LUNES <\/strong><strong>D\u00cdA<\/strong><strong>01<\/strong><\/p>\n\n\n\n<p>8,30 H CONVENTO<\/p>\n\n\n\n<p>19 H. TEMPLO<\/p>\n\n\n\n<p>Sufragio de Pascual Usach Alcaide.<\/p>\n\n\n\n<p><strong>MARTES <\/strong><strong>D\u00cdA<\/strong><strong>02<\/strong><\/p>\n\n\n\n<p>8,30 H. CONVENTO<\/p>\n\n\n\n<p>19 H. TEMPLO<\/p>\n\n\n\n<p>Por los Enfermos \u2013 Acci\u00f3n de gracias de Sacramento.<\/p>\n\n\n\n<p><strong>MI\u00c9RCOLES D\u00cdA 03<\/strong><\/p>\n\n\n\n<p>8,30 H. CONVENTO.<\/p>\n\n\n\n<p>19 H. TEMPLO<\/p>\n\n\n\n<p>Sufragio de: Angeles Palomar Ib\u00e1\u00f1ez \u2013 Pepe y Lolita.<\/p>\n\n\n\n<p><strong>JUEVES D\u00cdA 04<\/strong><\/p>\n\n\n\n<p>8,30 H. CONVENTO.<\/p>\n\n\n\n<p>19 H. TEMPLO<\/p>\n\n\n\n<p>Sufragio de: fina Belenguer Garc\u00eda \u2013 Difuntos de Carmen Tortajada \u2013 Matrimonio Angel Arc\u00f3n Estevan y Rosa M\u00ednguez Ib\u00e1\u00f1ez &#8211; Al Corazon de Jesus de la Junta.<\/p>\n\n\n\n<p><strong>VIERNES D\u00cdA 05<\/strong><\/p>\n\n\n\n<p>8,30 H. CONVENTO.<\/p>\n\n\n\n<p>18 H. A 20,30 H. TEMPLO EXPOSICI\u00d3N DEL SANT\u00cdSIMO, VIACRUCIS Y RETIRO DE CUARESMA.<\/p>\n\n\n\n<p>DESPU\u00c9S DEL RETIRO, CONFESIONES,<\/p>\n\n\n\n<p><strong>S\u00c1BADO<\/strong><strong>D\u00cdA<\/strong><strong>06<\/strong><\/p>\n\n\n\n<p>8,30 H. CONVENTO.<\/p>\n\n\n\n<p>19,30 H. TEMPLO<\/p>\n\n\n\n<p>Sufragio de: Paz Tortajada M\u00ednguez \u2013 Manolita Tortajada y Padres \u2013 Amparo y Alberto de su amiga Isabel.<\/p>\n\n\n\n<p><strong>DOMINGO <\/strong><strong>D\u00cdA <\/strong><strong>07<\/strong><\/p>\n\n\n\n<p>9 H. CONVENTO.<\/p>\n\n\n\n<p>12,30 H TEMPO<\/p>\n\n\n\n<p>Misa de Pro-populo.<\/p>\n","protected":false},"excerpt":{"rendered":"<p>LUNES D\u00cdA01 8,30 H CONVENTO 19 H. TEMPLO Sufragio de Pascual Usach Alcaide. MARTES D\u00cdA02 8,30 H. CONVENTO 19 H. TEMPLO Por los Enfermos \u2013 Acci\u00f3n de gracias de Sacramento. MI\u00c9RCOLES D\u00cdA 03 8,30 H. CONVENTO. 19 H. TEMPLO Sufragio de: Angeles Palomar Ib\u00e1\u00f1ez \u2013 Pepe y Lolita. JUEVES D\u00cdA 04 8,30 H. CONVENTO. 19 H. TEMPLO Sufragio de: fina&#8230;<\/p>\n<p> <a class=\"continue-reading-link\" href=\"https:\/\/iglesia-en-villar.es\/blog\/2021\/02\/26\/intenciones-de-misa-53\/\"><span>Leer m\u00e1s<\/span><i class=\"crycon-right-dir\"><\/i><\/a> <\/p>\n","protected":false},"author":53745,"featured_media":0,"comment_status":"open","ping_status":"open","sticky":false,"template":"","format":"standard","meta":{"inline_featured_image":false,"footnotes":""},"categories":[3],"tags":[],"class_list":["post-8177","post","type-post","status-publish","format-standard","hentry","category-intenciones"],"better_featured_image":null,"read":true,"_links":{"self":[{"href":"https:\/\/iglesia-en-villar.es\/blog\/wp-json\/wp\/v2\/posts\/8177","targetHints":{"allow":["GET"]}}],"collection":[{"href":"https:\/\/iglesia-en-villar.es\/blog\/wp-json\/wp\/v2\/posts"}],"about":[{"href":"https:\/\/iglesia-en-villar.es\/blog\/wp-json\/wp\/v2\/types\/post"}],"author":[{"embeddable":true,"href":"https:\/\/iglesia-en-villar.es\/blog\/wp-json\/wp\/v2\/users\/53745"}],"replies":[{"embeddable":true,"href":"https:\/\/iglesia-en-villar.es\/blog\/wp-json\/wp\/v2\/comments?post=8177"}],"version-history":[{"count":1,"href":"https:\/\/iglesia-en-villar.es\/blog\/wp-json\/wp\/v2\/posts\/8177\/revisions"}],"predecessor-version":[{"id":8178,"href":"https:\/\/iglesia-en-villar.es\/blog\/wp-json\/wp\/v2\/posts\/8177\/revisions\/8178"}],"wp:attachment":[{"href":"https:\/\/iglesia-en-villar.es\/blog\/wp-json\/wp\/v2\/media?parent=8177"}],"wp:term":[{"taxonomy":"category","embeddable":true,"href":"https:\/\/iglesia-en-villar.es\/blog\/wp-json\/wp\/v2\/categories?post=8177"},{"taxonomy":"post_tag","embeddable":true,"href":"https:\/\/iglesia-en-villar.es\/blog\/wp-json\/wp\/v2\/tags?post=8177"}],"curies":[{"name":"wp","href":"https:\/\/api.w.org\/{rel}","templated":true}]}}