{"id":8218,"date":"2021-03-27T18:14:59","date_gmt":"2021-03-27T17:14:59","guid":{"rendered":"https:\/\/iglesia-en-villar.es\/blog\/?p=8218"},"modified":"2021-03-27T18:15:01","modified_gmt":"2021-03-27T17:15:01","slug":"rincon-carmelitano-65","status":"publish","type":"post","link":"https:\/\/iglesia-en-villar.es\/blog\/2021\/03\/27\/rincon-carmelitano-65\/","title":{"rendered":"Rinc\u00f3n Carmelitano"},"content":{"rendered":"\n<p class=\"has-text-align-center\"><strong>LA MEMORIA DE LOS DOLORES DE LA VIRGEN<\/strong><\/p>\n\n\n\n<p>Despu\u00e9s de haber celebrado la fiesta de San Jos\u00e9 de una manera particularmente intensa por ser el a\u00f1o dedicado a \u00e9l, continuamos nuestro camino cuaresmal, y este nos presenta la memoria de los dolores de la Virgen el viernes pr\u00f3ximo. Nuestro cura nos ayuda mucho a vivir estas celebraciones. Nosotras os ofrecemos una experiencia m\u00edstica de Santa Teresa en la que nos presenta unas palabras de Jes\u00fas que nos ayudan a imaginar una escena llena de ternura filial de Jes\u00fas para con su Madre dolorida y traspasada.<\/p>\n\n\n\n<p>\u00abD\u00edjome nuestro Se\u00f1or que en resucitando hab\u00eda visto a nuestra se\u00f1ora, porque estaba ya con gran necesidad, que la pena la ten\u00eda tan absorta y traspasada, que aun no tornaba luego en s\u00ed para gozar de aquel gozo, y que hab\u00eda estado mucho con ella, porque hab\u00eda sido menester, hasta consolarla\u00bb.<\/p>\n\n\n\n<p>Sabemos que la Virgen acompa\u00f1\u00f3 a su Hijo hasta el final, compartiendo su inmenso dolor, sin poder hacer nada para aliviarlo. La espada profetizada por el anciano Sime\u00f3n se iba hundiendo en su coraz\u00f3n; cuando el soldado le clav\u00f3 la lanza en el costado a Jes\u00fas, se debi\u00f3 meter hasta la empu\u00f1adura, quedando como anegada en un dolor como un mar sin orillas.<\/p>\n\n\n\n<p>Hay autores que afirman que Jes\u00fas resucitado no se apareci\u00f3 a su Madre porque ella ya cre\u00eda en la resurrecci\u00f3n, y los Evangelios no dicen nada a este respecto. Bueno. Nosotras preferimos quedarnos con las palabras de la Santa, imaginando la ternura indecible con que Jes\u00fas fue sacando la espada del coraz\u00f3n de su Madre, lentamente fue reaccionando, pasando del dolor m\u00e1s intenso al gozo m\u00e1s radiante.<\/p>\n\n\n\n<p>Quien acompa\u00f1a a Jes\u00fas en su Pasi\u00f3n, como Mar\u00eda y con Ella, no dejar\u00e1 de recibir el consuelo de este Se\u00f1or nuestro.<\/p>\n\n\n\n<p class=\"has-text-align-right\"><strong>Hermanas carmelitas<\/strong><\/p>\n","protected":false},"excerpt":{"rendered":"<p>LA MEMORIA DE LOS DOLORES DE LA VIRGEN Despu\u00e9s de haber celebrado la fiesta de San Jos\u00e9 de una manera particularmente intensa por ser el a\u00f1o dedicado a \u00e9l, continuamos nuestro camino cuaresmal, y este nos presenta la memoria de los dolores de la Virgen el viernes pr\u00f3ximo. Nuestro cura nos ayuda mucho a vivir estas celebraciones. Nosotras os ofrecemos&#8230;<\/p>\n<p> <a class=\"continue-reading-link\" href=\"https:\/\/iglesia-en-villar.es\/blog\/2021\/03\/27\/rincon-carmelitano-65\/\"><span>Leer m\u00e1s<\/span><i class=\"crycon-right-dir\"><\/i><\/a> <\/p>\n","protected":false},"author":53745,"featured_media":0,"comment_status":"open","ping_status":"open","sticky":false,"template":"","format":"standard","meta":{"inline_featured_image":false,"footnotes":""},"categories":[5],"tags":[],"class_list":["post-8218","post","type-post","status-publish","format-standard","hentry","category-monasterio"],"better_featured_image":null,"read":true,"_links":{"self":[{"href":"https:\/\/iglesia-en-villar.es\/blog\/wp-json\/wp\/v2\/posts\/8218","targetHints":{"allow":["GET"]}}],"collection":[{"href":"https:\/\/iglesia-en-villar.es\/blog\/wp-json\/wp\/v2\/posts"}],"about":[{"href":"https:\/\/iglesia-en-villar.es\/blog\/wp-json\/wp\/v2\/types\/post"}],"author":[{"embeddable":true,"href":"https:\/\/iglesia-en-villar.es\/blog\/wp-json\/wp\/v2\/users\/53745"}],"replies":[{"embeddable":true,"href":"https:\/\/iglesia-en-villar.es\/blog\/wp-json\/wp\/v2\/comments?post=8218"}],"version-history":[{"count":1,"href":"https:\/\/iglesia-en-villar.es\/blog\/wp-json\/wp\/v2\/posts\/8218\/revisions"}],"predecessor-version":[{"id":8219,"href":"https:\/\/iglesia-en-villar.es\/blog\/wp-json\/wp\/v2\/posts\/8218\/revisions\/8219"}],"wp:attachment":[{"href":"https:\/\/iglesia-en-villar.es\/blog\/wp-json\/wp\/v2\/media?parent=8218"}],"wp:term":[{"taxonomy":"category","embeddable":true,"href":"https:\/\/iglesia-en-villar.es\/blog\/wp-json\/wp\/v2\/categories?post=8218"},{"taxonomy":"post_tag","embeddable":true,"href":"https:\/\/iglesia-en-villar.es\/blog\/wp-json\/wp\/v2\/tags?post=8218"}],"curies":[{"name":"wp","href":"https:\/\/api.w.org\/{rel}","templated":true}]}}