{"id":8229,"date":"2021-03-27T18:39:51","date_gmt":"2021-03-27T17:39:51","guid":{"rendered":"https:\/\/iglesia-en-villar.es\/blog\/?p=8229"},"modified":"2021-03-27T18:39:53","modified_gmt":"2021-03-27T17:39:53","slug":"intenciones-de-misa-57","status":"publish","type":"post","link":"https:\/\/iglesia-en-villar.es\/blog\/2021\/03\/27\/intenciones-de-misa-57\/","title":{"rendered":"Intenciones de Misa"},"content":{"rendered":"\n<p><strong>LUNES <\/strong><strong>D\u00cdA<\/strong><strong>29<\/strong><\/p>\n\n\n\n<p>8,30 H CONVENTO<\/p>\n\n\n\n<p>19 H. TEMPLO VIACRUCIS A CONTINUACI\u00d3N MISA<\/p>\n\n\n\n<p>Sufragio de: Jesus Molina y Pilar \u2013 Toni Cuellar &#8211; Acci\u00f3n de Gracias al Coraz\u00f3n de Jes\u00fas, Virgen de la Paz y Virgen del Carmen de una devota.<\/p>\n\n\n\n<p><strong>MARTES <\/strong><strong>D\u00cdA<\/strong><strong>30<\/strong><\/p>\n\n\n\n<p>8,30 H. CONVENTO<\/p>\n\n\n\n<p>19 H. TEMPLO VIACRUCIS A CONTINUACI\u00d3N MISA<\/p>\n\n\n\n<p>Por los Enfermos \u2013 Por los enfermos de una devota \u2013 Sufragio de dos Hermanos \u2013 Matrimonio Asunci\u00f3n y Jos\u00e9.<\/p>\n\n\n\n<p><strong>MI\u00c9RCOLES D\u00cdA 31<\/strong><\/p>\n\n\n\n<p>8,30 H. CONVENTO.<\/p>\n\n\n\n<p>19 H. TEMPLO VIACRUCIS A CONTINUACI\u00d3N MISA<\/p>\n\n\n\n<p><strong>MISA ANIVERSARIO DE ALICIA LAFUENTE ARGUDO<\/strong>.<\/p>\n\n\n\n<p><strong>JUEVES D\u00cdA 1<\/strong><\/p>\n\n\n\n<p>10,30 H. TEMPLO LAUDES SOLEMNES Y RECEPCI\u00d3N DE LOS SANTOS OLEOS<\/p>\n\n\n\n<p>18 H CONVENTO MISA CENA DEL SE\u00d1OR<\/p>\n\n\n\n<p>19,30 H TEMPLO MISA SOLEMNE \u201c IN COCUE DOMINI\u201d<\/p>\n\n\n\n<p>Sufragio de Sacerdotes difuntos de Villar y P\u00e1rrocos Difuntos.<\/p>\n\n\n\n<p>21,30 CIERRE DEL TEMPLO.<\/p>\n\n\n\n<p><strong>VIERNES D\u00cdA 2<\/strong><\/p>\n\n\n\n<p>7 H. APERTURA TEMPLO.<\/p>\n\n\n\n<p>8 H TEMPLO LAUDES<\/p>\n\n\n\n<p>8,30 H TEMPO VIA CRUCIS Y SERM\u00d3N DE LAS SIETE PALABRAS.<\/p>\n\n\n\n<p>12 TEMPLO OFICIO DE TINIEBLAS Y HORA SANTA.<\/p>\n\n\n\n<p>16 H OFICIOS DE PASI\u00d3N EN EL CONVENTO<\/p>\n\n\n\n<p>17,30 H OFICIOS DE PASI\u00d3N EN EL TEMPLO<\/p>\n\n\n\n<p>20,30 H TEMPLO MEDITACI\u00d3N Y ESCENIFICACI\u00d3N DE LA SEPULTURA DEL SE\u00d1OR.<\/p>\n\n\n\n<p><strong>S\u00c1BADO D\u00cdA 3<\/strong><\/p>\n\n\n\n<p>8,30 H. CONVENTO.<\/p>\n\n\n\n<p>10 H. TEMPLO<\/p>\n\n\n\n<p>LAUDES Y OFICIOS DE LECTURAS<\/p>\n\n\n\n<p>19 H SOLEMNE VIGILIA PASCUAL.<\/p>\n\n\n\n<p><strong>DOMINGO <\/strong><strong>D\u00cdA <\/strong><strong>4<\/strong><\/p>\n\n\n\n<p>9 H. CONVENTO.<\/p>\n\n\n\n<p>10,30 H TEMPO<\/p>\n\n\n\n<p>Sufragio de: Faustino P\u00e9rez y Pilar Torres e hijos \u2013 Otilia L\u00f3pez y Vicente \u2013 Miguel Usach Deltoro.<\/p>\n","protected":false},"excerpt":{"rendered":"<p>LUNES D\u00cdA29 8,30 H CONVENTO 19 H. TEMPLO VIACRUCIS A CONTINUACI\u00d3N MISA Sufragio de: Jesus Molina y Pilar \u2013 Toni Cuellar &#8211; Acci\u00f3n de Gracias al Coraz\u00f3n de Jes\u00fas, Virgen de la Paz y Virgen del Carmen de una devota. MARTES D\u00cdA30 8,30 H. CONVENTO 19 H. TEMPLO VIACRUCIS A CONTINUACI\u00d3N MISA Por los Enfermos \u2013 Por los enfermos de&#8230;<\/p>\n<p> <a class=\"continue-reading-link\" href=\"https:\/\/iglesia-en-villar.es\/blog\/2021\/03\/27\/intenciones-de-misa-57\/\"><span>Leer m\u00e1s<\/span><i class=\"crycon-right-dir\"><\/i><\/a> <\/p>\n","protected":false},"author":53745,"featured_media":0,"comment_status":"open","ping_status":"open","sticky":false,"template":"","format":"standard","meta":{"inline_featured_image":false,"footnotes":""},"categories":[3],"tags":[],"class_list":["post-8229","post","type-post","status-publish","format-standard","hentry","category-intenciones"],"better_featured_image":null,"read":true,"_links":{"self":[{"href":"https:\/\/iglesia-en-villar.es\/blog\/wp-json\/wp\/v2\/posts\/8229","targetHints":{"allow":["GET"]}}],"collection":[{"href":"https:\/\/iglesia-en-villar.es\/blog\/wp-json\/wp\/v2\/posts"}],"about":[{"href":"https:\/\/iglesia-en-villar.es\/blog\/wp-json\/wp\/v2\/types\/post"}],"author":[{"embeddable":true,"href":"https:\/\/iglesia-en-villar.es\/blog\/wp-json\/wp\/v2\/users\/53745"}],"replies":[{"embeddable":true,"href":"https:\/\/iglesia-en-villar.es\/blog\/wp-json\/wp\/v2\/comments?post=8229"}],"version-history":[{"count":1,"href":"https:\/\/iglesia-en-villar.es\/blog\/wp-json\/wp\/v2\/posts\/8229\/revisions"}],"predecessor-version":[{"id":8230,"href":"https:\/\/iglesia-en-villar.es\/blog\/wp-json\/wp\/v2\/posts\/8229\/revisions\/8230"}],"wp:attachment":[{"href":"https:\/\/iglesia-en-villar.es\/blog\/wp-json\/wp\/v2\/media?parent=8229"}],"wp:term":[{"taxonomy":"category","embeddable":true,"href":"https:\/\/iglesia-en-villar.es\/blog\/wp-json\/wp\/v2\/categories?post=8229"},{"taxonomy":"post_tag","embeddable":true,"href":"https:\/\/iglesia-en-villar.es\/blog\/wp-json\/wp\/v2\/tags?post=8229"}],"curies":[{"name":"wp","href":"https:\/\/api.w.org\/{rel}","templated":true}]}}