{"id":8289,"date":"2021-04-23T17:20:09","date_gmt":"2021-04-23T16:20:09","guid":{"rendered":"https:\/\/iglesia-en-villar.es\/blog\/?p=8289"},"modified":"2021-04-23T17:20:10","modified_gmt":"2021-04-23T16:20:10","slug":"rincon-carmelitano-70","status":"publish","type":"post","link":"https:\/\/iglesia-en-villar.es\/blog\/2021\/04\/23\/rincon-carmelitano-70\/","title":{"rendered":"Rinc\u00f3n Carmelitano"},"content":{"rendered":"\n<p class=\"has-text-align-center\"><strong>EL BUEN PASTOR<\/strong><\/p>\n\n\n\n<p>Este domingo del Buen Pastor se celebra la jornada por las vocaciones al sacerdocio y la vida consagrada. Es importante para la Iglesia que sigan surgiendo estas vocaciones. Dios sigue llamando, pidamos que haya oidos atentos para responder generosamente a esta llamada.<\/p>\n\n\n\n<p>Os transmitimos el testimonio de Santa Isabel de la Trinidad. Se sent\u00eda llamada al Carmelo, pero su madre no quer\u00eda por nada del mundo a pesar de ser una fervorosa creyente. Un d\u00eda le propusieron para su hija un matrimonio muy \u00abventajoso\u00bb, seg\u00fan las costumbres de la \u00e9poca. Se lo dijo a su hija con entusiasmo. Escribe Isabel en su diario :<\/p>\n\n\n\n<p>\u00abMuy lejos estaba yo de pensar en semejantes cosas. Mas \u00a1qu\u00e9 indiferente me ha dejado una proposici\u00f3n tan seductora! en el fondo de mi coraz\u00f3n oigo la voz de mi Amado que me dice : \u00abEsposa m\u00eda, \u00bfcon que renuncias los goces de la tierra por seguirme? tras de mis huellas tendr\u00e1s que soportar el sufrimiento, pero tambi\u00e9n \u00a1qu\u00e9 dulzuras m\u00e1s divinas, que goces m\u00e1s inefables hago gustar en medio de la tribulaci\u00f3n!. La parte que te he inspirado que escojas es, sin duda, la m\u00e1s hermosa. Preciso es que te ame con un amor muy grande para haberte reservado este honor. \u00a1Oh, gracias infinitas por haber tenido la dignaci\u00f3n de escoger una criatura tan miserable como yo. Soy toda vuestra, s\u00f3lo os pido que esforc\u00e9is mi debilidad, porque sin Vos, ser\u00eda capaz de todas las bajezas.<\/p>\n\n\n\n<p>Cuando mi madre me indic\u00f3 que reflexionase, le contest\u00e9 que mi respuesta ser\u00eda la misma entonces que a los ocho d\u00edas. Me dijo : hubiera sido una tranquilidad para m\u00ed, pero el Se\u00f1or dispone otra cosa, c\u00famplase su voluntad\u00bb<\/p>\n\n\n\n<p>Los obst\u00e1culos vocacionales del siglo pasado: renunciar a formar una familia, dejar a los padres&#8230;hoy quiz\u00e1 son otros, pero nunca es f\u00e1cil la&nbsp; determinaci\u00f3n. Oremos para que los que el Se\u00f1or llama ahora sean generosos y valientes para seguir la llamada.<\/p>\n\n\n\n<p class=\"has-text-align-right\"><strong>\u00a0\u00a0\u00a0 Hermanas Carmelitas<\/strong><\/p>\n\n\n","protected":false},"excerpt":{"rendered":"<p>EL BUEN PASTOR Este domingo del Buen Pastor se celebra la jornada por las vocaciones al sacerdocio y la vida consagrada. Es importante para la Iglesia que sigan surgiendo estas vocaciones. Dios sigue llamando, pidamos que haya oidos atentos para responder generosamente a esta llamada. Os transmitimos el testimonio de Santa Isabel de la Trinidad. Se sent\u00eda llamada al Carmelo,&#8230;<\/p>\n<p> <a class=\"continue-reading-link\" href=\"https:\/\/iglesia-en-villar.es\/blog\/2021\/04\/23\/rincon-carmelitano-70\/\"><span>Leer m\u00e1s<\/span><i class=\"crycon-right-dir\"><\/i><\/a> <\/p>\n","protected":false},"author":53745,"featured_media":0,"comment_status":"open","ping_status":"open","sticky":false,"template":"","format":"standard","meta":{"inline_featured_image":false,"footnotes":""},"categories":[5],"tags":[],"class_list":["post-8289","post","type-post","status-publish","format-standard","hentry","category-monasterio"],"better_featured_image":null,"read":true,"_links":{"self":[{"href":"https:\/\/iglesia-en-villar.es\/blog\/wp-json\/wp\/v2\/posts\/8289","targetHints":{"allow":["GET"]}}],"collection":[{"href":"https:\/\/iglesia-en-villar.es\/blog\/wp-json\/wp\/v2\/posts"}],"about":[{"href":"https:\/\/iglesia-en-villar.es\/blog\/wp-json\/wp\/v2\/types\/post"}],"author":[{"embeddable":true,"href":"https:\/\/iglesia-en-villar.es\/blog\/wp-json\/wp\/v2\/users\/53745"}],"replies":[{"embeddable":true,"href":"https:\/\/iglesia-en-villar.es\/blog\/wp-json\/wp\/v2\/comments?post=8289"}],"version-history":[{"count":1,"href":"https:\/\/iglesia-en-villar.es\/blog\/wp-json\/wp\/v2\/posts\/8289\/revisions"}],"predecessor-version":[{"id":8290,"href":"https:\/\/iglesia-en-villar.es\/blog\/wp-json\/wp\/v2\/posts\/8289\/revisions\/8290"}],"wp:attachment":[{"href":"https:\/\/iglesia-en-villar.es\/blog\/wp-json\/wp\/v2\/media?parent=8289"}],"wp:term":[{"taxonomy":"category","embeddable":true,"href":"https:\/\/iglesia-en-villar.es\/blog\/wp-json\/wp\/v2\/categories?post=8289"},{"taxonomy":"post_tag","embeddable":true,"href":"https:\/\/iglesia-en-villar.es\/blog\/wp-json\/wp\/v2\/tags?post=8289"}],"curies":[{"name":"wp","href":"https:\/\/api.w.org\/{rel}","templated":true}]}}