{"id":8306,"date":"2021-05-01T19:23:51","date_gmt":"2021-05-01T18:23:51","guid":{"rendered":"https:\/\/iglesia-en-villar.es\/blog\/?p=8306"},"modified":"2021-05-01T19:23:52","modified_gmt":"2021-05-01T18:23:52","slug":"editorial-64","status":"publish","type":"post","link":"https:\/\/iglesia-en-villar.es\/blog\/2021\/05\/01\/editorial-64\/","title":{"rendered":"Editorial"},"content":{"rendered":"\n<h2 class=\"has-text-align-center wp-block-heading\"><strong>Mayo, mes de la Vida Nueva<\/strong><\/h2>\n\n\n\n<p>Llegada la primavera, y con ella la Pascua. La Iglesia celebra los signos de la nueva vida en Cristo que se manifiesta en multitud de aspectos y realidades. La vida comunitaria, el tiempo, la realidad eclesial, la naturaleza, todo parece hablarnos de una vida que renace y se renueva. Lo que Cristo nos comunica en su resurrecci\u00f3n, nos lega a nosotros a trav\u00e9s de est\u00edmulos, olores y colores, celebraciones. Todo habla durante estas semanas primaverales de la vida que Dios nos transmite y nos regala.<\/p>\n\n\n\n<p>Este tiempo de pandemia nos ha obligado a que muchas celebraciones de estas semanas se reduzcan o aplacen, mermando la visibilidad externa que va ligada a nuestra cultura y a la forma natural de los cristianos de vivir la fe. Por ello, desde la parroquia hemos decidido en la medida de lo posible continuar transmitiendo esta alegr\u00eda y este sentido vitalista que acompa\u00f1a a la vivencia de la fe cristiana.<\/p>\n\n\n\n<p>Una de las iniciativas que vamos a materializar es la de realizar una cruz de mayo, una cruz decorada con flores y hojas verdes que nos acerque al sentido triunfal de la cruz, vista ya a la luz de la Pascua. Es esta una tradici\u00f3n muy antigua que nos recuerda cuando el 3 de mayo se celebraba la fiesta de la \u201cinvenci\u00f3n de la santa Cruz\u201d, memoria lit\u00fargica hoy desaparecida por la duplicidad que supon\u00eda con la fiesta de la exaltaci\u00f3n de la cruz que se celebra el 14 de septiembre.<\/p>\n\n\n\n<p>Decorar la cruz es un signo pascual por excelencia, que nos recuerda el triunfo de Jes\u00fas resucitado de entre los muertos. La cruz, que era el instrumento de muerte y tortura del que hab\u00eda pendido el cuerpo muerto de Jesucristo, ahora se convierte un s\u00edmbolo de la victoria de Dios, que nos hace ver desde la resurrecci\u00f3n un signo de esperanza, de triunfo, de vida. La cruz junto a las flores y las plantas unen los signos teol\u00f3gicos de la pascua, con los signos de la pascua c\u00f3smica. No solo lo religioso nos muestra la gloria de Dios, sino tambi\u00e9n las plantas, los \u00e1rboles, el orbe se contagia de esta vida nueva que trae Jesucristo.<\/p>\n\n\n\n<p>La cruz de mayo este a\u00f1o quiere que en Villar los cristianos nos dejemos sorprender por lo nuevo, y que este signo externo (a lo que ya no estamos acostumbrados) manifieste la vivencia de la comunidad en estos d\u00edas festivos de la Pascua, que muestre a todos aquellos que se acerquen a la Parroquia que esta comunidad cristiana, esta porci\u00f3n de la Iglesia que camina en Villar del Arzobispo, est\u00e1 viviendo con gozo la gran fiesta de la Pascua, la fiesta que da sentido a nuestra fe. Que este signo sea acogido con agrado entre nosotros, y as\u00ed podamos realizarlo muchos a\u00f1os m\u00e1s junto con otras celebraciones que nos sirvan para exteriorizar la alegr\u00eda y la fiesta de la resurrecci\u00f3n del Se\u00f1or.<\/p>\n\n\n\n<p class=\"has-text-align-right\"><strong>Quique, Vuestro Cura<\/strong><\/p>\n","protected":false},"excerpt":{"rendered":"<p>Mayo, mes de la Vida Nueva Llegada la primavera, y con ella la Pascua. La Iglesia celebra los signos de la nueva vida en Cristo que se manifiesta en multitud de aspectos y realidades. La vida comunitaria, el tiempo, la realidad eclesial, la naturaleza, todo parece hablarnos de una vida que renace y se renueva. Lo que Cristo nos comunica&#8230;<\/p>\n<p> <a class=\"continue-reading-link\" href=\"https:\/\/iglesia-en-villar.es\/blog\/2021\/05\/01\/editorial-64\/\"><span>Leer m\u00e1s<\/span><i class=\"crycon-right-dir\"><\/i><\/a> <\/p>\n","protected":false},"author":53745,"featured_media":8304,"comment_status":"open","ping_status":"open","sticky":false,"template":"","format":"standard","meta":{"inline_featured_image":false,"footnotes":""},"categories":[13],"tags":[],"class_list":["post-8306","post","type-post","status-publish","format-standard","has-post-thumbnail","hentry","category-editorial"],"better_featured_image":{"id":8304,"alt_text":"","caption":"","description":"","media_type":"image","media_details":{"width":794,"height":1003,"file":"2021\/05\/cruz-gloriosa.jpg","sizes":{"medium":{"file":"cruz-gloriosa-237x300.jpg","width":237,"height":300,"mime-type":"image\/jpeg","source_url":"https:\/\/iglesia-en-villar.es\/blog\/wp-content\/uploads\/2021\/05\/cruz-gloriosa-237x300.jpg"},"thumbnail":{"file":"cruz-gloriosa-150x150.jpg","width":150,"height":150,"mime-type":"image\/jpeg","source_url":"https:\/\/iglesia-en-villar.es\/blog\/wp-content\/uploads\/2021\/05\/cruz-gloriosa-150x150.jpg"},"medium_large":{"file":"cruz-gloriosa-768x970.jpg","width":768,"height":970,"mime-type":"image\/jpeg","source_url":"https:\/\/iglesia-en-villar.es\/blog\/wp-content\/uploads\/2021\/05\/cruz-gloriosa-768x970.jpg"},"post-thumbnail":{"file":"cruz-gloriosa-119x150.jpg","width":119,"height":150,"mime-type":"image\/jpeg","source_url":"https:\/\/iglesia-en-villar.es\/blog\/wp-content\/uploads\/2021\/05\/cruz-gloriosa-119x150.jpg"},"header":{"file":"cruz-gloriosa-794x230.jpg","width":794,"height":230,"mime-type":"image\/jpeg","source_url":"https:\/\/iglesia-en-villar.es\/blog\/wp-content\/uploads\/2021\/05\/cruz-gloriosa-794x230.jpg"},"slider":{"file":"cruz-gloriosa-794x580.jpg","width":794,"height":580,"mime-type":"image\/jpeg","source_url":"https:\/\/iglesia-en-villar.es\/blog\/wp-content\/uploads\/2021\/05\/cruz-gloriosa-794x580.jpg"},"columns":{"file":"cruz-gloriosa-330x300.jpg","width":330,"height":300,"mime-type":"image\/jpeg","source_url":"https:\/\/iglesia-en-villar.es\/blog\/wp-content\/uploads\/2021\/05\/cruz-gloriosa-330x300.jpg"},"custom":{"file":"cruz-gloriosa-250x316.jpg","width":250,"height":316,"mime-type":"image\/jpeg","source_url":"https:\/\/iglesia-en-villar.es\/blog\/wp-content\/uploads\/2021\/05\/cruz-gloriosa-250x316.jpg"}},"image_meta":{"aperture":"0","credit":"","camera":"","caption":"","created_timestamp":"0","copyright":"","focal_length":"0","iso":"0","shutter_speed":"0","title":"","orientation":"0","keywords":[]}},"post":null,"source_url":"https:\/\/iglesia-en-villar.es\/blog\/wp-content\/uploads\/2021\/05\/cruz-gloriosa.jpg"},"read":true,"_links":{"self":[{"href":"https:\/\/iglesia-en-villar.es\/blog\/wp-json\/wp\/v2\/posts\/8306","targetHints":{"allow":["GET"]}}],"collection":[{"href":"https:\/\/iglesia-en-villar.es\/blog\/wp-json\/wp\/v2\/posts"}],"about":[{"href":"https:\/\/iglesia-en-villar.es\/blog\/wp-json\/wp\/v2\/types\/post"}],"author":[{"embeddable":true,"href":"https:\/\/iglesia-en-villar.es\/blog\/wp-json\/wp\/v2\/users\/53745"}],"replies":[{"embeddable":true,"href":"https:\/\/iglesia-en-villar.es\/blog\/wp-json\/wp\/v2\/comments?post=8306"}],"version-history":[{"count":1,"href":"https:\/\/iglesia-en-villar.es\/blog\/wp-json\/wp\/v2\/posts\/8306\/revisions"}],"predecessor-version":[{"id":8307,"href":"https:\/\/iglesia-en-villar.es\/blog\/wp-json\/wp\/v2\/posts\/8306\/revisions\/8307"}],"wp:featuredmedia":[{"embeddable":true,"href":"https:\/\/iglesia-en-villar.es\/blog\/wp-json\/wp\/v2\/media\/8304"}],"wp:attachment":[{"href":"https:\/\/iglesia-en-villar.es\/blog\/wp-json\/wp\/v2\/media?parent=8306"}],"wp:term":[{"taxonomy":"category","embeddable":true,"href":"https:\/\/iglesia-en-villar.es\/blog\/wp-json\/wp\/v2\/categories?post=8306"},{"taxonomy":"post_tag","embeddable":true,"href":"https:\/\/iglesia-en-villar.es\/blog\/wp-json\/wp\/v2\/tags?post=8306"}],"curies":[{"name":"wp","href":"https:\/\/api.w.org\/{rel}","templated":true}]}}