{"id":8371,"date":"2021-06-13T12:14:15","date_gmt":"2021-06-13T11:14:15","guid":{"rendered":"https:\/\/iglesia-en-villar.es\/blog\/?p=8371"},"modified":"2021-06-13T12:14:18","modified_gmt":"2021-06-13T11:14:18","slug":"avisos-61","status":"publish","type":"post","link":"https:\/\/iglesia-en-villar.es\/blog\/2021\/06\/13\/avisos-61\/","title":{"rendered":"AVISOS"},"content":{"rendered":"\n<p><strong>ORDENACI\u00d3N SACERDOTAL DE CATALIN TANTA.<\/strong><\/p>\n\n\n\n<p>El Pr\u00f3ximo d\u00eda 19 de Junio del 2021, en la Catedral de Valencia se realizara la Ordenaci\u00f3n de CATALIN TATAN a las 11 de la ma\u00f1ana. Acceso solo con entrada e invitacion.<\/p>\n\n\n\n<p><strong>GRUPOS LIMPIEZA DE TEMPLO<\/strong><\/p>\n\n\n\n<p>Jueves 17 de Junio, a la 19 Horas reuni\u00f3n de todos los grupos de limpieza en el templo.<\/p>\n\n\n\n<p><strong>COLECTA CORPUS<\/strong><\/p>\n\n\n\n<p>La colecta del d\u00eda del Corpus asciende a la cantidad de 600 \u20ac, que sera para C\u00e1ritas.<\/p>\n","protected":false},"excerpt":{"rendered":"<p>ORDENACI\u00d3N SACERDOTAL DE CATALIN TANTA. El Pr\u00f3ximo d\u00eda 19 de Junio del 2021, en la Catedral de Valencia se realizara la Ordenaci\u00f3n de CATALIN TATAN a las 11 de la ma\u00f1ana. Acceso solo con entrada e invitacion. GRUPOS LIMPIEZA DE TEMPLO Jueves 17 de Junio, a la 19 Horas reuni\u00f3n de todos los grupos de limpieza en el templo. COLECTA&#8230;<\/p>\n<p> <a class=\"continue-reading-link\" href=\"https:\/\/iglesia-en-villar.es\/blog\/2021\/06\/13\/avisos-61\/\"><span>Leer m\u00e1s<\/span><i class=\"crycon-right-dir\"><\/i><\/a> <\/p>\n","protected":false},"author":53745,"featured_media":0,"comment_status":"open","ping_status":"open","sticky":false,"template":"","format":"standard","meta":{"inline_featured_image":false,"footnotes":""},"categories":[10],"tags":[],"class_list":["post-8371","post","type-post","status-publish","format-standard","hentry","category-avisos"],"better_featured_image":null,"read":true,"_links":{"self":[{"href":"https:\/\/iglesia-en-villar.es\/blog\/wp-json\/wp\/v2\/posts\/8371","targetHints":{"allow":["GET"]}}],"collection":[{"href":"https:\/\/iglesia-en-villar.es\/blog\/wp-json\/wp\/v2\/posts"}],"about":[{"href":"https:\/\/iglesia-en-villar.es\/blog\/wp-json\/wp\/v2\/types\/post"}],"author":[{"embeddable":true,"href":"https:\/\/iglesia-en-villar.es\/blog\/wp-json\/wp\/v2\/users\/53745"}],"replies":[{"embeddable":true,"href":"https:\/\/iglesia-en-villar.es\/blog\/wp-json\/wp\/v2\/comments?post=8371"}],"version-history":[{"count":1,"href":"https:\/\/iglesia-en-villar.es\/blog\/wp-json\/wp\/v2\/posts\/8371\/revisions"}],"predecessor-version":[{"id":8372,"href":"https:\/\/iglesia-en-villar.es\/blog\/wp-json\/wp\/v2\/posts\/8371\/revisions\/8372"}],"wp:attachment":[{"href":"https:\/\/iglesia-en-villar.es\/blog\/wp-json\/wp\/v2\/media?parent=8371"}],"wp:term":[{"taxonomy":"category","embeddable":true,"href":"https:\/\/iglesia-en-villar.es\/blog\/wp-json\/wp\/v2\/categories?post=8371"},{"taxonomy":"post_tag","embeddable":true,"href":"https:\/\/iglesia-en-villar.es\/blog\/wp-json\/wp\/v2\/tags?post=8371"}],"curies":[{"name":"wp","href":"https:\/\/api.w.org\/{rel}","templated":true}]}}